{"id":514078,"date":"2025-11-05T18:16:09","date_gmt":"2025-11-05T18:16:09","guid":{"rendered":"https:\/\/www.europesays.com\/fr\/514078\/"},"modified":"2025-11-05T18:16:09","modified_gmt":"2025-11-05T18:16:09","slug":"pres-de-bordeaux-une-personne-agee-tombe-dun-pont-et-fait-une-chute-de-10-metres","status":"publish","type":"post","link":"https:\/\/www.europesays.com\/fr\/514078\/","title":{"rendered":"Pr\u00e8s de Bordeaux, une personne \u00e2g\u00e9e tombe d&rsquo;un pont et fait une chute de 10 m\u00e8tres"},"content":{"rendered":"<p>            Par<br \/>\n        <strong><br \/>\n            <a href=\"https:\/\/actu.fr\/auteur\/sports33\" title=\"Consulter tous les articles de Nicolas Gosselin\" rel=\"nofollow noopener\" target=\"_blank\">Nicolas Gosselin<\/a><br \/>\n        <\/strong><\/p>\n<p>        Publi\u00e9 le<\/p>\n<p>            5 nov. 2025 \u00e0 19h03<br \/>\n        ; mis \u00e0 jour le 5 nov. 2025 \u00e0 19h04    <\/p>\n<p>Elle est <strong>tomb\u00e9e de 10 m\u00e8tres de haut<\/strong> environ. Mercredi 5 novembre 2025, vers 14h20, une <strong>femme de 70 ans<\/strong> a chut\u00e9 du <strong>pont des Collines<\/strong> \u00e0 <a href=\"https:\/\/actu.fr\/nouvelle-aquitaine\/lormont_33249\" rel=\"nofollow noopener\" target=\"_blank\">Lormont<\/a> (Gironde).<\/p>\n<p class=\" wall-content\">Cet ouvrage enjambe l\u2019avenue Carnot et il est situ\u00e9 \u00e0 proximit\u00e9 du parc Palmer ou de la station de tramway Buttini\u00e8re.<\/p>\n<p>    <a href=\"https:\/\/www.google.com\/maps\/embed?pb=!1m18!1m12!1m3!1d73319.22209661735!2d-0.6058628169110405!3d44.85879361988751!2m3!1f0!2f0!3f0!3m2!1i1024!2i768!4f13.1!3m3!1m2!1s0xd552f4b84480a83%3A0x97b08afd7192068a!2sPont%20des%20Collines!5e0!3m2!1sfr!2sfr!4v1762365600769!5m2!1sfr!2sfr\" title=\"Ouvrie le lien\" rel=\"nofollow noopener\" target=\"_blank\">Cliquez ici pour visualiser le contenu<\/a><\/p>\n<p class=\" wall-content\">La victime a \u00e9t\u00e9 prise en charge par les pompiers. Elle \u00e9t\u00e9 \u00e9vacu\u00e9e en <strong>urgence absolue <\/strong>et sous escorte polici\u00e8re vers <a href=\"https:\/\/actu.fr\/tag\/chu-de-bordeaux\" rel=\"nofollow noopener\" target=\"_blank\">l\u2019h\u00f4pital Pellegrin \u00e0 Bordeaux<\/a>.<\/p>\n<p class=\" wall-content\">Les circonstances de cette grave chute n\u2019ont pas \u00e9t\u00e9 \u00e9claircies pour le moment\u2026<\/p>\n<p class=\" wall-content\">Personnalisez votre actualit\u00e9 en ajoutant vos villes et m\u00e9dias en favori avec <a href=\"https:\/\/moncompte.actu.fr\" title=\"D\u00e9couvez Mon Actu\" rel=\"nofollow noopener\" data-trk=\"{&quot;cta&quot;:{&quot;action&quot;:&quot;https:\\\/\\\/moncompte.actu.fr&quot;,&quot;category&quot;:&quot;mon compte&quot;,&quot;from&quot;:&quot;article footer&quot;,&quot;name&quot;:&quot;Mon actu&quot;,&quot;type&quot;:&quot;cta&quot;}}\" target=\"_blank\">Mon Actu<\/a>.<\/p>\n","protected":false},"excerpt":{"rendered":"Par Nicolas Gosselin Publi\u00e9 le 5 nov. 2025 \u00e0 19h03 ; mis \u00e0 jour le 5 nov. 2025&hellip;\n","protected":false},"author":2,"featured_media":514079,"comment_status":"","ping_status":"","sticky":false,"template":"","format":"standard","meta":{"footnotes":""},"categories":[2817],"tags":[119,1111,11,1997,1777,674,118,1011,27,12,2219,25],"class_list":{"0":"post-514078","1":"post","2":"type-post","3":"status-publish","4":"format-standard","5":"has-post-thumbnail","7":"category-bordeaux","8":"tag-accident","9":"tag-actu","10":"tag-actualites","11":"tag-bordeaux","12":"tag-eu","13":"tag-europe","14":"tag-faits-divers","15":"tag-fr","16":"tag-france","17":"tag-news","18":"tag-nouvelle-aquitaine","19":"tag-republique-francaise"},"share_on_mastodon":{"url":"https:\/\/pubeurope.com\/@fr\/115498463042742875","error":""},"_links":{"self":[{"href":"https:\/\/www.europesays.com\/fr\/wp-json\/wp\/v2\/posts\/514078","targetHints":{"allow":["GET"]}}],"collection":[{"href":"https:\/\/www.europesays.com\/fr\/wp-json\/wp\/v2\/posts"}],"about":[{"href":"https:\/\/www.europesays.com\/fr\/wp-json\/wp\/v2\/types\/post"}],"author":[{"embeddable":true,"href":"https:\/\/www.europesays.com\/fr\/wp-json\/wp\/v2\/users\/2"}],"replies":[{"embeddable":true,"href":"https:\/\/www.europesays.com\/fr\/wp-json\/wp\/v2\/comments?post=514078"}],"version-history":[{"count":0,"href":"https:\/\/www.europesays.com\/fr\/wp-json\/wp\/v2\/posts\/514078\/revisions"}],"wp:featuredmedia":[{"embeddable":true,"href":"https:\/\/www.europesays.com\/fr\/wp-json\/wp\/v2\/media\/514079"}],"wp:attachment":[{"href":"https:\/\/www.europesays.com\/fr\/wp-json\/wp\/v2\/media?parent=514078"}],"wp:term":[{"taxonomy":"category","embeddable":true,"href":"https:\/\/www.europesays.com\/fr\/wp-json\/wp\/v2\/categories?post=514078"},{"taxonomy":"post_tag","embeddable":true,"href":"https:\/\/www.europesays.com\/fr\/wp-json\/wp\/v2\/tags?post=514078"}],"curies":[{"name":"wp","href":"https:\/\/api.w.org\/{rel}","templated":true}]}}