{"id":51408,"date":"2025-04-25T09:27:08","date_gmt":"2025-04-25T09:27:08","guid":{"rendered":"https:\/\/www.europesays.com\/fr\/51408\/"},"modified":"2025-04-25T09:27:08","modified_gmt":"2025-04-25T09:27:08","slug":"le-beau-temps-revient-les-previsions","status":"publish","type":"post","link":"https:\/\/www.europesays.com\/fr\/51408\/","title":{"rendered":"le beau temps revient, les pr\u00e9visions"},"content":{"rendered":"<p>            Par<br \/>\n        <strong><br \/>\n            <a href=\"https:\/\/actu.fr\/auteur\/theo-zuili\" title=\"Consulter tous les articles de Th\u00e9o Zuili\" rel=\"nofollow noopener\" target=\"_blank\">Th\u00e9o Zuili<\/a><br \/>\n        <\/strong><\/p>\n<p>        Publi\u00e9 le<\/p>\n<p>            25 avr. 2025 \u00e0 10h52        <\/p>\n<p>Les temp\u00e9ratures repassent au-dessus des normales de saison en cette fin de semaine \u00e0 <a href=\"https:\/\/actu.fr\/auvergne-rhone-alpes\/lyon_69123\" rel=\"nofollow noopener\" target=\"_blank\">Lyon<\/a> et dans le Rh\u00f4ne. Apr\u00e8s un week-end partag\u00e9 entre nuages et \u00e9claircies, le ciel se d\u00e9gagera d\u00e8s lundi 28 avril 2025.<\/p>\n<p class=\" wall-content\">La semaine qui suit promet de <strong>r\u00e9galer les amateurs de vitamine D<\/strong> : selon <a href=\"https:\/\/actu.fr\/tag\/meteo-france\" rel=\"nofollow noopener\" target=\"_blank\">M\u00e9t\u00e9o-France<\/a>, le soleil sera de la partie.<\/p>\n<p>Un week-end couvert<\/p>\n<p class=\" wall-content\">Avec 22\u00b0C attendus en maximale samedi 26 et dimanche 27, le mercure d\u00e9passe d\u00e9j\u00e0 la normale saisonni\u00e8re \u00e0 Lyon et dans le Rh\u00f4ne apr\u00e8s une semaine plus fra\u00eeche.<\/p>\n<p class=\" wall-content\">Le ciel restera <strong>tr\u00e8s nuageux samedi<\/strong>. Dimanche, les \u00e9claircies devraient s\u2019inviter toute la journ\u00e9e au-dessus de Lyon et du Rh\u00f4ne, m\u00eame si des averses sont attendues dans le sud du d\u00e9partement.<\/p>\n<p>Suivi d\u2019une semaine magnifique<\/p>\n<p class=\" wall-content\">\u00c0 partir du lundi 28 avril, la <a href=\"https:\/\/actu.fr\/lyon\/meteo\" rel=\"nofollow noopener\" target=\"_blank\">m\u00e9t\u00e9o<\/a> fera la part belle au soleil \u00e0 Lyon. Les averses orageuses attendues mardi devraient \u00e9pargner la ville, selon M\u00e9t\u00e9o-France.<\/p>\n<p>Vid\u00e9os : en ce moment sur Actu<\/p>\n<p class=\" wall-content\">Mercredi, si la pluie couvrira une majeure partie du d\u00e9partement, le soleil devrait rester au-dessus de Lyon avec toujours 22\u00b0C attendus. Les m\u00e9t\u00e9orologues pr\u00e9voient que <strong>le beau temps r\u00e8gnera sur tout le Rh\u00f4ne<\/strong> la journ\u00e9e de jeudi 1er mai.<\/p>\n<p class=\" wall-content\">M\u00e9t\u00e9o-France ne s\u2019attend pas au retour de la pluie \u00e0 Lyon avant le dimanche 4 mai 2025. Toujours sous 21\u00b0C, le temps devrait s\u2019humidifier pour \u00e0 nouveau basculer vers une semaine pluvieuse.<\/p>\n<p class=\" wall-content\">Suivez toute l\u2019actualit\u00e9 de vos villes et m\u00e9dias favoris en vous inscrivant \u00e0 <a href=\"https:\/\/moncompte.actu.fr\" title=\"D\u00e9couvez Mon Actu\" rel=\"nofollow noopener\" data-trk=\"{&quot;cta&quot;:{&quot;action&quot;:&quot;https:\\\/\\\/moncompte.actu.fr&quot;,&quot;category&quot;:&quot;mon compte&quot;,&quot;from&quot;:&quot;article footer&quot;,&quot;name&quot;:&quot;Mon actu&quot;,&quot;type&quot;:&quot;cta&quot;}}\" target=\"_blank\">Mon Actu<\/a>.<\/p>\n","protected":false},"excerpt":{"rendered":"Par Th\u00e9o Zuili Publi\u00e9 le 25 avr. 2025 \u00e0 10h52 Les temp\u00e9ratures repassent au-dessus des normales de saison&hellip;\n","protected":false},"author":2,"featured_media":51409,"comment_status":"","ping_status":"","sticky":false,"template":"","format":"standard","meta":{"footnotes":""},"categories":[1889],"tags":[1111,11,2430,1777,674,1011,27,2428,2487,2357,12,25],"class_list":{"0":"post-51408","1":"post","2":"type-post","3":"status-publish","4":"format-standard","5":"has-post-thumbnail","7":"category-lyon","8":"tag-actu","9":"tag-actualites","10":"tag-auvergne-rhone-alpes","11":"tag-eu","12":"tag-europe","13":"tag-fr","14":"tag-france","15":"tag-lyon","16":"tag-meteo","17":"tag-meteo-france","18":"tag-news","19":"tag-republique-francaise"},"share_on_mastodon":{"url":"https:\/\/pubeurope.com\/@fr\/114397894659327913","error":""},"_links":{"self":[{"href":"https:\/\/www.europesays.com\/fr\/wp-json\/wp\/v2\/posts\/51408","targetHints":{"allow":["GET"]}}],"collection":[{"href":"https:\/\/www.europesays.com\/fr\/wp-json\/wp\/v2\/posts"}],"about":[{"href":"https:\/\/www.europesays.com\/fr\/wp-json\/wp\/v2\/types\/post"}],"author":[{"embeddable":true,"href":"https:\/\/www.europesays.com\/fr\/wp-json\/wp\/v2\/users\/2"}],"replies":[{"embeddable":true,"href":"https:\/\/www.europesays.com\/fr\/wp-json\/wp\/v2\/comments?post=51408"}],"version-history":[{"count":0,"href":"https:\/\/www.europesays.com\/fr\/wp-json\/wp\/v2\/posts\/51408\/revisions"}],"wp:featuredmedia":[{"embeddable":true,"href":"https:\/\/www.europesays.com\/fr\/wp-json\/wp\/v2\/media\/51409"}],"wp:attachment":[{"href":"https:\/\/www.europesays.com\/fr\/wp-json\/wp\/v2\/media?parent=51408"}],"wp:term":[{"taxonomy":"category","embeddable":true,"href":"https:\/\/www.europesays.com\/fr\/wp-json\/wp\/v2\/categories?post=51408"},{"taxonomy":"post_tag","embeddable":true,"href":"https:\/\/www.europesays.com\/fr\/wp-json\/wp\/v2\/tags?post=51408"}],"curies":[{"name":"wp","href":"https:\/\/api.w.org\/{rel}","templated":true}]}}