{"id":514084,"date":"2025-11-05T18:19:11","date_gmt":"2025-11-05T18:19:11","guid":{"rendered":"https:\/\/www.europesays.com\/fr\/514084\/"},"modified":"2025-11-05T18:19:11","modified_gmt":"2025-11-05T18:19:11","slug":"un-rassemblement-organise-en-protestation","status":"publish","type":"post","link":"https:\/\/www.europesays.com\/fr\/514084\/","title":{"rendered":"un rassemblement organis\u00e9 en protestation"},"content":{"rendered":"<p>            Par<br \/>\n        <strong><br \/>\n            <a href=\"https:\/\/actu.fr\/auteur\/anaelle-montagne\" title=\"Consulter tous les articles de Anaelle Montagne\" rel=\"nofollow noopener\" target=\"_blank\">Anaelle Montagne<\/a><br \/>\n        <\/strong><\/p>\n<p>        Publi\u00e9 le<\/p>\n<p>            5 nov. 2025 \u00e0 19h02        <\/p>\n<p>Les parents d\u2019\u00e9l\u00e8ves des \u00e9coles Alfred de Musset de Toulouse ont d\u00e9cid\u00e9 de faire front contre le racisme en organisant un rassemblement, ce jeudi 6 novembre 2025. Trois jours plus t\u00f4t, un caddie contenant des affiches relayant <a href=\"https:\/\/actu.fr\/occitanie\/toulouse_31555\/info-actu-toulouse-on-va-crever-vos-gosses-des-affiches-racistes-retrouvees-pres-d-une-ecole-a-toulouse_63387455.html\" rel=\"nofollow noopener\" target=\"_blank\">des injures et menaces de mort racistes<\/a> avait \u00e9t\u00e9 retrouv\u00e9 \u00e0 quelques m\u00e8tres de l\u2019\u00e9cole. <strong>Les messages d\u2019une grande violence<\/strong>, inscrits au marqueur, visaient directement les enfants et parents noirs et arabes du quartier.<\/p>\n<p>Les d\u00e9tails du rassemblement<\/p>\n<p class=\" wall-content\">\u00ab\u2009L\u2019association des parents d\u2019\u00e9l\u00e8ves, conseil local FCPE, <strong>condamne fermement ces propos<\/strong> et appelle \u00e0 un regroupement solidaire des parents\u2009\u00bb, indiquent les parents dans un communiqu\u00e9. Rendez-vous le jeudi 6\u00a0novembre, devant l\u2019\u00e9cole \u00e0 partir de 8h15.<\/p>\n<p>    <a href=\"https:\/\/www.google.com\/maps\/embed?pb=!1m18!1m12!1m3!1d5776.380889649663!2d1.424307189169083!3d43.623395!2m3!1f0!2f0!3f0!3m2!1i1024!2i768!4f13.1!3m3!1m2!1s0x12aebb003973b5fb%3A0xa8c70c31091d82c4!2sPublic%20Elementary%20School%20Alfred%20De%20Musset!5e0!3m2!1sen!2sfr!4v1762360688210!5m2!1sen!2sfr\" title=\"Ouvrie le lien\" rel=\"nofollow noopener\" target=\"_blank\">Cliquez ici pour visualiser le contenu<\/a><\/p>\n<p class=\" wall-content\">\u00ab\u00a0Par ce rassemblement, nous souhaitons t\u00e9moigner notre attachement aux principes de fraternit\u00e9 et d\u2019\u00e9galit\u00e9 et ainsi <strong>faire front aux attaques racistes<\/strong> que subit notre \u00e9cole. Face au racisme, faisons groupe\u2009!\u00a0\u00bb<\/p>\n<p>Les \u00e9lus r\u00e9agissent<\/p>\n<p class=\" wall-content\">Au-del\u00e0 des parents d\u2019\u00e9l\u00e8ves, les menaces racistes ont suscit\u00e9 de nombreuses r\u00e9actions au sein de la classe politique. <strong>C\u00e9cile Dufraisse<\/strong>, la maire de quartier qu\u2019Actu Toulouse avait interrog\u00e9e imm\u00e9diatement apr\u00e8s les faits, \u00e9tait tomb\u00e9e de sa chaise. \u00ab\u2009La haine voulait s\u2019afficher sur les murs d\u2019une \u00e9cole. \u00c0 Toulouse, elle n\u2019aura jamais droit de cit\u00e9\u2009\u00bb, a-t-elle ensuite <a href=\"https:\/\/x.com\/DufraisseCcile1\/status\/1985433464921858338\" rel=\"nofollow\">publi\u00e9 sur X<\/a>. Un tweet republi\u00e9 par le maire, <strong>Jean-Luc Moudenc<\/strong>.<\/p>\n<p class=\" wall-content\">\n<p class=\" wall-content\">Et son adjointe \u00e0 l\u2019\u00e9ducation,<strong> Marion Lalane-de-Laubad\u00e8re<\/strong>, de citer l\u2019ancien ministre de l\u2019\u00c9ducation Jean Zay\u2009: \u00ab\u2009Les \u00e9coles doivent rester l\u2019asile inviolable o\u00f9 les querelles des hommes ne p\u00e9n\u00e8trent.\u2009\u00bb Elle ajoute que \u00ab\u2009le racisme n\u2019est <strong>pas une opinion<\/strong>, jamais nous ne laisserons la haine s\u2019afficher\u2009\u00bb.<\/p>\n<p>Vid\u00e9os : en ce moment sur ActuL\u2019opposition s\u2019exprime<\/p>\n<p class=\" wall-content\">Du c\u00f4t\u00e9 de l\u2019opposition, le d\u00e9put\u00e9 LFI Fran\u00e7ois Piquemal, candidat aux municipales de 2025, a communiqu\u00e9\u2009: \u00ab\u2009Tout mon soutien aux parents d\u2019\u00e9l\u00e8ves et \u00e0 la communaut\u00e9 \u00e9ducative de l\u2019\u00e9cole Alfred de Musset \u00e0 Toulouse. <strong>Aux enfants aussi.<\/strong> Il faut retrouver les auteurs de ces horreurs et qu\u2019ils soient sanctionn\u00e9s fermement.\u2009\u00bb<\/p>\n<p class=\" wall-content\">\n<p class=\" wall-content\">Pour <a href=\"https:\/\/x.com\/RegisGodec\/status\/1985402412715123113\" rel=\"nofollow\">R\u00e9gis Godec<\/a>, chef de file des \u00c9cologistes pour les municipales 2025 \u00e0 Toulouse, \u00ab\u2009cette action raciste d\u00e9montre la pr\u00e9occupante progression de la violence politique en France\u2009\u00bb.<\/p>\n<p>Votre r\u00e9gion, votre actu !<\/p>\n<p>Recevez chaque jour les infos qui comptent pour vous.<\/p>\n<p>\t<a href=\"https:\/\/actu.fr\/newsletter\" class=\"ac-btn ac-btn--corner ac-btn--medium ac-btn--blue800\" rel=\"nofollow noopener\" target=\"_blank\">S&rsquo;incrire<\/a><br \/>\nLa R\u00e9gion et le D\u00e9partement<\/p>\n<p class=\" wall-content\">La pr\u00e9sidente de la R\u00e9gion Carole Delga s\u2019est dite \u00ab\u2009\u00e9c\u0153ur\u00e9e par ce nouvel acte raciste \u00e0 proximit\u00e9 d\u2019une \u00e9cole\u2009\u00bb, demandant <a href=\"https:\/\/x.com\/CaroleDelga\/status\/1986019163559641366\" rel=\"nofollow\">sur X<\/a> que ces actes soient \u00ab\u2009lourdement punis\u2009\u00bb.<\/p>\n<p class=\" wall-content\">Le pr\u00e9sident du D\u00e9partement S\u00e9bastien Vincini condamne lui aussi ces \u00ab\u2009actes odieux\u2009\u00bb, rappelant que le racisme \u00ab\u2009est un d\u00e9lit qui n\u2019a pas sa place \u00e0 l\u2019\u00e9cole comme dans notre soci\u00e9t\u00e9\u2009\u00bb.<\/p>\n<p class=\" wall-content\">Personnalisez votre actualit\u00e9 en ajoutant vos villes et m\u00e9dias en favori avec <a href=\"https:\/\/moncompte.actu.fr\" title=\"D\u00e9couvez Mon Actu\" rel=\"nofollow noopener\" data-trk=\"{&quot;cta&quot;:{&quot;action&quot;:&quot;https:\\\/\\\/moncompte.actu.fr&quot;,&quot;category&quot;:&quot;mon compte&quot;,&quot;from&quot;:&quot;article footer&quot;,&quot;name&quot;:&quot;Mon actu&quot;,&quot;type&quot;:&quot;cta&quot;}}\" target=\"_blank\">Mon Actu<\/a>.<\/p>\n","protected":false},"excerpt":{"rendered":"Par Anaelle Montagne Publi\u00e9 le 5 nov. 2025 \u00e0 19h02 Les parents d\u2019\u00e9l\u00e8ves des \u00e9coles Alfred de Musset&hellip;\n","protected":false},"author":2,"featured_media":514085,"comment_status":"","ping_status":"","sticky":false,"template":"","format":"standard","meta":{"footnotes":""},"categories":[2816],"tags":[1111,11,1057,1777,674,118,1011,27,12,2680,25,2312],"class_list":{"0":"post-514084","1":"post","2":"type-post","3":"status-publish","4":"format-standard","5":"has-post-thumbnail","7":"category-toulouse","8":"tag-actu","9":"tag-actualites","10":"tag-education","11":"tag-eu","12":"tag-europe","13":"tag-faits-divers","14":"tag-fr","15":"tag-france","16":"tag-news","17":"tag-occitanie","18":"tag-republique-francaise","19":"tag-toulouse"},"share_on_mastodon":{"url":"https:\/\/pubeurope.com\/@fr\/115498474867761018","error":""},"_links":{"self":[{"href":"https:\/\/www.europesays.com\/fr\/wp-json\/wp\/v2\/posts\/514084","targetHints":{"allow":["GET"]}}],"collection":[{"href":"https:\/\/www.europesays.com\/fr\/wp-json\/wp\/v2\/posts"}],"about":[{"href":"https:\/\/www.europesays.com\/fr\/wp-json\/wp\/v2\/types\/post"}],"author":[{"embeddable":true,"href":"https:\/\/www.europesays.com\/fr\/wp-json\/wp\/v2\/users\/2"}],"replies":[{"embeddable":true,"href":"https:\/\/www.europesays.com\/fr\/wp-json\/wp\/v2\/comments?post=514084"}],"version-history":[{"count":0,"href":"https:\/\/www.europesays.com\/fr\/wp-json\/wp\/v2\/posts\/514084\/revisions"}],"wp:featuredmedia":[{"embeddable":true,"href":"https:\/\/www.europesays.com\/fr\/wp-json\/wp\/v2\/media\/514085"}],"wp:attachment":[{"href":"https:\/\/www.europesays.com\/fr\/wp-json\/wp\/v2\/media?parent=514084"}],"wp:term":[{"taxonomy":"category","embeddable":true,"href":"https:\/\/www.europesays.com\/fr\/wp-json\/wp\/v2\/categories?post=514084"},{"taxonomy":"post_tag","embeddable":true,"href":"https:\/\/www.europesays.com\/fr\/wp-json\/wp\/v2\/tags?post=514084"}],"curies":[{"name":"wp","href":"https:\/\/api.w.org\/{rel}","templated":true}]}}