{"id":514090,"date":"2025-11-05T18:22:12","date_gmt":"2025-11-05T18:22:12","guid":{"rendered":"https:\/\/www.europesays.com\/fr\/514090\/"},"modified":"2025-11-05T18:22:12","modified_gmt":"2025-11-05T18:22:12","slug":"les-rendez-vous-du-6-novembre-pour-une-nouvelle-mobilisation-nationale-et-intersyndicale","status":"publish","type":"post","link":"https:\/\/www.europesays.com\/fr\/514090\/","title":{"rendered":"Les rendez-vous du 6 novembre pour une nouvelle mobilisation nationale et intersyndicale"},"content":{"rendered":"\n<p>Le rendez-vous est fix\u00e9 \u00e0 10h30 sur le Vieux-Port \u00e0 <b>Marseille<\/b> pour les Bouches-du-Rh\u00f4ne, avec un appel relay\u00e9 par l\u2019Union nationale interprofessionnelle des retrait\u00e9s solidaires (Unirs).<\/p>\n<p><b>\u00c0 Avignon<\/b>, l\u2019intersyndicale appelle au rassemblement \u00e0 10h30 devant la pr\u00e9fecture.<\/p>\n<p>Dans le Var, le cort\u00e8ge se rassemblera \u00e0 partir de 10h30 sur le parvis de la gare \u00e0 <b>Toulon<\/b>, \u00e9galement \u00e0 l\u2019appel du groupe des 8.<\/p>\n","protected":false},"excerpt":{"rendered":"Le rendez-vous est fix\u00e9 \u00e0 10h30 sur le Vieux-Port \u00e0 Marseille pour les Bouches-du-Rh\u00f4ne, avec un appel relay\u00e9&hellip;\n","protected":false},"author":2,"featured_media":514091,"comment_status":"","ping_status":"","sticky":false,"template":"","format":"standard","meta":{"footnotes":""},"categories":[2814],"tags":[1111,11,1777,674,1011,27,1272,884,12,882,25],"class_list":{"0":"post-514090","1":"post","2":"type-post","3":"status-publish","4":"format-standard","5":"has-post-thumbnail","7":"category-marseille","8":"tag-actu","9":"tag-actualites","10":"tag-eu","11":"tag-europe","12":"tag-fr","13":"tag-france","14":"tag-manifestations","15":"tag-marseille","16":"tag-news","17":"tag-provence-alpes-cote-dazur","18":"tag-republique-francaise"},"share_on_mastodon":{"url":"https:\/\/pubeurope.com\/@fr\/115498486713694315","error":""},"_links":{"self":[{"href":"https:\/\/www.europesays.com\/fr\/wp-json\/wp\/v2\/posts\/514090","targetHints":{"allow":["GET"]}}],"collection":[{"href":"https:\/\/www.europesays.com\/fr\/wp-json\/wp\/v2\/posts"}],"about":[{"href":"https:\/\/www.europesays.com\/fr\/wp-json\/wp\/v2\/types\/post"}],"author":[{"embeddable":true,"href":"https:\/\/www.europesays.com\/fr\/wp-json\/wp\/v2\/users\/2"}],"replies":[{"embeddable":true,"href":"https:\/\/www.europesays.com\/fr\/wp-json\/wp\/v2\/comments?post=514090"}],"version-history":[{"count":0,"href":"https:\/\/www.europesays.com\/fr\/wp-json\/wp\/v2\/posts\/514090\/revisions"}],"wp:featuredmedia":[{"embeddable":true,"href":"https:\/\/www.europesays.com\/fr\/wp-json\/wp\/v2\/media\/514091"}],"wp:attachment":[{"href":"https:\/\/www.europesays.com\/fr\/wp-json\/wp\/v2\/media?parent=514090"}],"wp:term":[{"taxonomy":"category","embeddable":true,"href":"https:\/\/www.europesays.com\/fr\/wp-json\/wp\/v2\/categories?post=514090"},{"taxonomy":"post_tag","embeddable":true,"href":"https:\/\/www.europesays.com\/fr\/wp-json\/wp\/v2\/tags?post=514090"}],"curies":[{"name":"wp","href":"https:\/\/api.w.org\/{rel}","templated":true}]}}