{"id":514103,"date":"2025-11-05T18:30:21","date_gmt":"2025-11-05T18:30:21","guid":{"rendered":"https:\/\/www.europesays.com\/fr\/514103\/"},"modified":"2025-11-05T18:30:21","modified_gmt":"2025-11-05T18:30:21","slug":"pourquoi-les-retraites-manifestent-ce-jeudi-a-paris","status":"publish","type":"post","link":"https:\/\/www.europesays.com\/fr\/514103\/","title":{"rendered":"pourquoi les retrait\u00e9s manifestent ce jeudi \u00e0 Paris"},"content":{"rendered":"<p>            Par<br \/>\n        <strong><br \/>\n            <a href=\"https:\/\/actu.fr\/auteur\/redaction-paris\" title=\"Consulter tous les articles de R\u00e9daction Paris\" target=\"_blank\" rel=\"noopener\">R\u00e9daction Paris<\/a><br \/>\n        <\/strong><\/p>\n<p>        Publi\u00e9 le<\/p>\n<p>            5 nov. 2025 \u00e0 17h42        <\/p>\n<p>\u00ab Les retrait\u00e9s dans l\u2019action \u00bb. Comme une partie des actifs, les retrait\u00e9s ne sont pas non plus d\u2019accord avec le <strong>projet de loi de finances et<\/strong> la loi de financement de la S\u00e9curit\u00e9 sociale pr\u00e9vue par le gouvernement. Jeudi 6 novembre 2025, plusieurs <a href=\"https:\/\/actu.fr\/tag\/syndicats\" target=\"_blank\" rel=\"noopener\">syndicats<\/a> ont lanc\u00e9 un appel \u00e0 la mobilisation.<\/p>\n<p>Place Vauban \u2013 Invalides<\/p>\n<p class=\" wall-content\">Gel des pensions en 2026 et de l\u2019allocation de solidarit\u00e9 aux personnes \u00e2g\u00e9es, suppression de l\u2019abattement de 10 %, doublement des franchises m\u00e9dicales\u2026 La liste de leurs griefs est longue. \u00ab Les retrait\u00e9s de nos organisations syndicales et associatives <strong>n\u2019acceptent pas<\/strong> cet acharnement \u00bb, expliquent les huit syndicats dans un communiqu\u00e9.<\/p>\n<p class=\" wall-content\">Un appel \u00ab aux rassemblements et aux manifestations \u00bb a donc \u00e9t\u00e9 lanc\u00e9 pour la journ\u00e9e du jeudi 6 novembre 2025. \u00c0 Paris, le cort\u00e8ge partira \u00e0 14 heures devant le <a href=\"https:\/\/actu.fr\/tag\/metro\" target=\"_blank\" rel=\"noopener\">m\u00e9tro<\/a> Luxembourg et se dirigera vers la <strong>place Vauban<\/strong>.<\/p>\n<p class=\" wall-content\">Les syndicats demandent, entre autres : l\u2019indexation des pensions sur l\u2019inflation au 1er janvier 2026, la <strong>revalorisation<\/strong> des pensions, le maintien de l\u2019abattement fiscal de 10 % mais aussi le maintien et le d\u00e9veloppement des services publics sur l\u2019ensemble du territoire.\u00a0<\/p>\n<p class=\" wall-content\">Personnalisez votre actualit\u00e9 en ajoutant vos villes et m\u00e9dias en favori avec <a href=\"https:\/\/moncompte.actu.fr\" title=\"D\u00e9couvez Mon Actu\" rel=\"nofollow noopener\" data-trk=\"{&quot;cta&quot;:{&quot;action&quot;:&quot;https:\\\/\\\/moncompte.actu.fr&quot;,&quot;category&quot;:&quot;mon compte&quot;,&quot;from&quot;:&quot;article footer&quot;,&quot;name&quot;:&quot;Mon actu&quot;,&quot;type&quot;:&quot;cta&quot;}}\" target=\"_blank\">Mon Actu<\/a>.<\/p>\n","protected":false},"excerpt":{"rendered":"Par R\u00e9daction Paris Publi\u00e9 le 5 nov. 2025 \u00e0 17h42 \u00ab Les retrait\u00e9s dans l\u2019action \u00bb. Comme une&hellip;\n","protected":false},"author":2,"featured_media":514104,"comment_status":"","ping_status":"","sticky":false,"template":"","format":"standard","meta":{"footnotes":""},"categories":[1888],"tags":[11,1777,674,1011,27,1272,12,626,25,137,104],"class_list":{"0":"post-514103","1":"post","2":"type-post","3":"status-publish","4":"format-standard","5":"has-post-thumbnail","7":"category-paris","8":"tag-actualites","9":"tag-eu","10":"tag-europe","11":"tag-fr","12":"tag-france","13":"tag-manifestations","14":"tag-news","15":"tag-paris","16":"tag-republique-francaise","17":"tag-retraite","18":"tag-societe"},"share_on_mastodon":{"url":"https:\/\/pubeurope.com\/@fr\/115498518096883301","error":""},"_links":{"self":[{"href":"https:\/\/www.europesays.com\/fr\/wp-json\/wp\/v2\/posts\/514103","targetHints":{"allow":["GET"]}}],"collection":[{"href":"https:\/\/www.europesays.com\/fr\/wp-json\/wp\/v2\/posts"}],"about":[{"href":"https:\/\/www.europesays.com\/fr\/wp-json\/wp\/v2\/types\/post"}],"author":[{"embeddable":true,"href":"https:\/\/www.europesays.com\/fr\/wp-json\/wp\/v2\/users\/2"}],"replies":[{"embeddable":true,"href":"https:\/\/www.europesays.com\/fr\/wp-json\/wp\/v2\/comments?post=514103"}],"version-history":[{"count":0,"href":"https:\/\/www.europesays.com\/fr\/wp-json\/wp\/v2\/posts\/514103\/revisions"}],"wp:featuredmedia":[{"embeddable":true,"href":"https:\/\/www.europesays.com\/fr\/wp-json\/wp\/v2\/media\/514104"}],"wp:attachment":[{"href":"https:\/\/www.europesays.com\/fr\/wp-json\/wp\/v2\/media?parent=514103"}],"wp:term":[{"taxonomy":"category","embeddable":true,"href":"https:\/\/www.europesays.com\/fr\/wp-json\/wp\/v2\/categories?post=514103"},{"taxonomy":"post_tag","embeddable":true,"href":"https:\/\/www.europesays.com\/fr\/wp-json\/wp\/v2\/tags?post=514103"}],"curies":[{"name":"wp","href":"https:\/\/api.w.org\/{rel}","templated":true}]}}