{"id":514107,"date":"2025-11-05T18:32:19","date_gmt":"2025-11-05T18:32:19","guid":{"rendered":"https:\/\/www.europesays.com\/fr\/514107\/"},"modified":"2025-11-05T18:32:19","modified_gmt":"2025-11-05T18:32:19","slug":"les-etats-unis-ont-informe-la-russie-du-lancement-dun-missile-balistique-intercontinental-05-11-2025-a-1833","status":"publish","type":"post","link":"https:\/\/www.europesays.com\/fr\/514107\/","title":{"rendered":"Les \u00c9tats-Unis ont inform\u00e9 la Russie du lancement d&rsquo;un missile balistique intercontinental &#8211; 05\/11\/2025 \u00e0 18:33"},"content":{"rendered":"<p>        <img decoding=\"async\" src=\"https:\/\/www.europesays.com\/fr\/wp-content\/uploads\/2025\/11\/ba329545034d77290fbde190eb4d2c3b-760x507.jpg\" alt=\"La Maison Blanche \u00e0 Washington, D.C.\" loading=\"eager\" fetchpriority=\"high\" width=\"760\" height=\"507\" style=\"max-width: 100%!important; height: auto;\"\/><\/p>\n<p class=\"c-image-news__legend\">La Maison Blanche \u00e0 Washington, D.C.<\/p>\n<p>\n Les Etats-Unis ont inform\u00e9 la Russie du lancement d&rsquo;un missile balistique intercontinental Minuteman III, a rapport\u00e9 mercredi l&rsquo;agence de presse russe IFX, citant le porte-parole du Kremlin, Dmitri Peskov.\n<\/p>\n<p>\n Washington a proc\u00e9d\u00e9 au tir exp\u00e9rimental d&rsquo;un missile Minuteman III depuis la base a\u00e9rienne de Vandenberg en Californie.\n<\/p>\n<p>\n Le pr\u00e9sident russe Vladimir Poutine a ordonn\u00e9 mercredi \u00e0 ses hauts responsables militaires et de d\u00e9fense d&rsquo;\u00e9laborer des propositions concernant d&rsquo;\u00e9ventuels essais d&rsquo;armes nucl\u00e9aires, ce qui constituerait une premi\u00e8re depuis la chute de l&rsquo;URSS en 1991.\n<\/p>\n<p>\n Ces d\u00e9clarations interviennent apr\u00e8s que Donald Trump a ordonn\u00e9 fin octobre \u00e0 l&rsquo;arm\u00e9e am\u00e9ricaine de reprendre imm\u00e9diatement les essais d&rsquo;armes nucl\u00e9aires, une d\u00e9cision qui constitue une premi\u00e8re en 33 ans pour les Etats-Unis.\n<\/p>\n<p>\n (R\u00e9daction de Reuters, r\u00e9dig\u00e9 par Maxim Rodionov; version fran\u00e7aise Camille Raynaud, \u00e9dit\u00e9 par Zhifan Liu)<\/p>\n","protected":false},"excerpt":{"rendered":"La Maison Blanche \u00e0 Washington, D.C. Les Etats-Unis ont inform\u00e9 la Russie du lancement d&rsquo;un missile balistique intercontinental&hellip;\n","protected":false},"author":2,"featured_media":514108,"comment_status":"","ping_status":"","sticky":false,"template":"","format":"standard","meta":{"footnotes":""},"categories":[1591],"tags":[400,11,398,408,405,1887,403,402,399,404,12,1885,1886,132,401,406,407],"class_list":{"0":"post-514107","1":"post","2":"type-post","3":"status-publish","4":"format-standard","5":"has-post-thumbnail","7":"category-russie","8":"tag-action-cac-40","9":"tag-actualites","10":"tag-bourse-de-paris","11":"tag-boursorama","12":"tag-cotations","13":"tag-federation-de-russie","14":"tag-indices-devises","15":"tag-investir","16":"tag-investissement","17":"tag-marche-boursier","18":"tag-news","19":"tag-russia","20":"tag-russian-federation","21":"tag-russie","22":"tag-sicav","23":"tag-trackers","24":"tag-warrants"},"share_on_mastodon":{"url":"https:\/\/pubeurope.com\/@fr\/115498526437431069","error":""},"_links":{"self":[{"href":"https:\/\/www.europesays.com\/fr\/wp-json\/wp\/v2\/posts\/514107","targetHints":{"allow":["GET"]}}],"collection":[{"href":"https:\/\/www.europesays.com\/fr\/wp-json\/wp\/v2\/posts"}],"about":[{"href":"https:\/\/www.europesays.com\/fr\/wp-json\/wp\/v2\/types\/post"}],"author":[{"embeddable":true,"href":"https:\/\/www.europesays.com\/fr\/wp-json\/wp\/v2\/users\/2"}],"replies":[{"embeddable":true,"href":"https:\/\/www.europesays.com\/fr\/wp-json\/wp\/v2\/comments?post=514107"}],"version-history":[{"count":0,"href":"https:\/\/www.europesays.com\/fr\/wp-json\/wp\/v2\/posts\/514107\/revisions"}],"wp:featuredmedia":[{"embeddable":true,"href":"https:\/\/www.europesays.com\/fr\/wp-json\/wp\/v2\/media\/514108"}],"wp:attachment":[{"href":"https:\/\/www.europesays.com\/fr\/wp-json\/wp\/v2\/media?parent=514107"}],"wp:term":[{"taxonomy":"category","embeddable":true,"href":"https:\/\/www.europesays.com\/fr\/wp-json\/wp\/v2\/categories?post=514107"},{"taxonomy":"post_tag","embeddable":true,"href":"https:\/\/www.europesays.com\/fr\/wp-json\/wp\/v2\/tags?post=514107"}],"curies":[{"name":"wp","href":"https:\/\/api.w.org\/{rel}","templated":true}]}}