{"id":514111,"date":"2025-11-05T18:34:16","date_gmt":"2025-11-05T18:34:16","guid":{"rendered":"https:\/\/www.europesays.com\/fr\/514111\/"},"modified":"2025-11-05T18:34:16","modified_gmt":"2025-11-05T18:34:16","slug":"etats-unis-les-democrates-engrangent-plusieurs-victoires-face-a-donald-trump","status":"publish","type":"post","link":"https:\/\/www.europesays.com\/fr\/514111\/","title":{"rendered":"Etats-Unis\u00a0: les d\u00e9mocrates engrangent plusieurs victoires face \u00e0 Donald Trump"},"content":{"rendered":"<p>\n                                                                    l&rsquo;essentiel<br \/>\n                                                                La victoire du d\u00e9mocrate socialiste Zohran Mamdani \u00e0 New York s\u2019inscrit dans une s\u00e9rie de revers pour Donald Trump. De la Virginie, pass\u00e9e \u00e0 la d\u00e9mocrate Abigail Spanberger, au New Jersey dirig\u00e9 d\u00e9sormais par Mikie Sherrill, jusqu\u2019\u00e0 la Californie, les scrutins confirment une dynamique en faveur du camp d\u00e9mocrate face \u00e0 un pr\u00e9sident affaibli.\n                            <\/p>\n<p>Au-del\u00e0 de New York, sa ville natale, qui sera d\u00e9sormais dirig\u00e9e par le d\u00e9mocrate socialiste Zohran Mamdani, Donald Trump a d\u00fb encaisser plusieurs autres revers \u00e9lectoraux.<\/p>\n<p>Abigail Spanberger a ainsi \u00e9t\u00e9 \u00e9lue mardi soir gouverneure de Virginie, selon les projections de plusieurs m\u00e9dias am\u00e9ricains, faisant basculer dans le camp d\u00e9mocrate cet \u00c9tat de la c\u00f4te est des \u00c9tats-Unis, dans un scrutin attendu comme un barom\u00e8tre des premiers mois du second mandat de Donald Trump. Ancienne agente de la CIA de 46 ans, Abigail Spanberger partait largement favorite des sondages pour devenir la premi\u00e8re femme gouverneure de Virginie, dirig\u00e9e par le r\u00e9publicain Glenn Youngkin ces quatre derni\u00e8res ann\u00e9es mais jamais remport\u00e9e par Donald Trump lors d\u2019une pr\u00e9sidentielle.<\/p>\n<p>Le limogeage de centaines de milliers de fonctionnaires f\u00e9d\u00e9raux d\u00e9cid\u00e9 par Donald Trump et son ex-alli\u00e9 Elon Musk a particuli\u00e8rement touch\u00e9 cet \u00c9tat qui jouxte Washington et ses minist\u00e8res.<\/p>\n<p>La d\u00e9mocrate Mikie Sherrill a, elle, \u00e9t\u00e9 \u00e9lue mardi gouverneure du New Jersey. Cet \u00c9tat voisin de New York \u00e9tait d\u00e9j\u00e0 dirig\u00e9 depuis huit ans par un d\u00e9mocrate, le gouverneur Phil Murphy, et n\u2019a jamais \u00e9t\u00e9 remport\u00e9 par Donald Trump lors d\u2019une \u00e9lection pr\u00e9sidentielle. Mais le milliardaire r\u00e9publicain y avait consid\u00e9rablement r\u00e9duit l\u2019\u00e9cart en 2024, notamment aupr\u00e8s des \u00e9lecteurs hispaniques.<\/p>\n<p>Enfin, les Californiens ont approuv\u00e9 mardi un texte visant \u00e0 red\u00e9couper leur carte \u00e9lectorale en faveur des d\u00e9mocrates, qui cherchent \u00e0 compenser ce qu\u2019ont fait au Texas les r\u00e9publicains sous la pression de Donald Trump.<\/p>\n","protected":false},"excerpt":{"rendered":"l&rsquo;essentiel La victoire du d\u00e9mocrate socialiste Zohran Mamdani \u00e0 New York s\u2019inscrit dans une s\u00e9rie de revers pour&hellip;\n","protected":false},"author":2,"featured_media":514112,"comment_status":"","ping_status":"","sticky":false,"template":"","format":"standard","meta":{"footnotes":""},"categories":[1589],"tags":[11,73,1866,12,1864,1865,1863,308],"class_list":{"0":"post-514111","1":"post","2":"type-post","3":"status-publish","4":"format-standard","5":"has-post-thumbnail","7":"category-etats-unis","8":"tag-actualites","9":"tag-etats-unis","10":"tag-etats-unis-damerique","11":"tag-news","12":"tag-united-states","13":"tag-united-states-of-america","14":"tag-us","15":"tag-usa"},"share_on_mastodon":{"url":"https:\/\/pubeurope.com\/@fr\/115498533781335025","error":""},"_links":{"self":[{"href":"https:\/\/www.europesays.com\/fr\/wp-json\/wp\/v2\/posts\/514111","targetHints":{"allow":["GET"]}}],"collection":[{"href":"https:\/\/www.europesays.com\/fr\/wp-json\/wp\/v2\/posts"}],"about":[{"href":"https:\/\/www.europesays.com\/fr\/wp-json\/wp\/v2\/types\/post"}],"author":[{"embeddable":true,"href":"https:\/\/www.europesays.com\/fr\/wp-json\/wp\/v2\/users\/2"}],"replies":[{"embeddable":true,"href":"https:\/\/www.europesays.com\/fr\/wp-json\/wp\/v2\/comments?post=514111"}],"version-history":[{"count":0,"href":"https:\/\/www.europesays.com\/fr\/wp-json\/wp\/v2\/posts\/514111\/revisions"}],"wp:featuredmedia":[{"embeddable":true,"href":"https:\/\/www.europesays.com\/fr\/wp-json\/wp\/v2\/media\/514112"}],"wp:attachment":[{"href":"https:\/\/www.europesays.com\/fr\/wp-json\/wp\/v2\/media?parent=514111"}],"wp:term":[{"taxonomy":"category","embeddable":true,"href":"https:\/\/www.europesays.com\/fr\/wp-json\/wp\/v2\/categories?post=514111"},{"taxonomy":"post_tag","embeddable":true,"href":"https:\/\/www.europesays.com\/fr\/wp-json\/wp\/v2\/tags?post=514111"}],"curies":[{"name":"wp","href":"https:\/\/api.w.org\/{rel}","templated":true}]}}