{"id":514113,"date":"2025-11-05T18:35:12","date_gmt":"2025-11-05T18:35:12","guid":{"rendered":"https:\/\/www.europesays.com\/fr\/514113\/"},"modified":"2025-11-05T18:35:12","modified_gmt":"2025-11-05T18:35:12","slug":"la-police-recherche-deux-detenus-liberes-par-erreur","status":"publish","type":"post","link":"https:\/\/www.europesays.com\/fr\/514113\/","title":{"rendered":"la police recherche deux d\u00e9tenus lib\u00e9r\u00e9s par erreur"},"content":{"rendered":"<p>\n    Un nouvel embarras pour le gouvernement apr\u00e8s un cas similaire r\u00e9cent et tr\u00e8s m\u00e9diatis\u00e9 concernant un demandeur d\u2019asile.<\/p>\n<p class=\"fig-paragraph\">La police\u00a0<a href=\"https:\/\/www.lefigaro.fr\/tag\/royaume-uni\" target=\"_blank\" rel=\"nofollow noopener\" data-gtm-custom-categorie=\"navigation\" data-gtm-custom-action=\"crossclick\" data-gtm-custom-label=\"Contextuel\" data-gtm-event=\"customEventSPE\">britannique\u00a0<\/a>est \u00e0 la recherche mercredi de deux d\u00e9tenus, dont un Alg\u00e9rien, lib\u00e9r\u00e9s par erreur d&rsquo;une prison londonienne ces derniers jours. Un nouvel embarras pour le gouvernement apr\u00e8s un cas similaire r\u00e9cent et tr\u00e8s\u00a0<a href=\"http:\/\/www.lefigaro.fr\/international\/royaume-uni-un-demandeur-d-asile-ethiopien-relache-par-erreur-de-prison-renvoye-dans-son-pays-20251029\" data-fig-type=\"NewsFlash\" data-gtm-custom-categorie=\"navigation\" data-gtm-custom-action=\"crossclick\" data-gtm-custom-label=\"Contextuel\" data-gtm-event=\"customEventSPE\" data-fig-domain=\"LEFIGARO\" target=\"_blank\" rel=\"noopener\">m\u00e9diatis\u00e9\u00a0<\/a>concernant un demandeur d&rsquo;asile. La police a indiqu\u00e9 avoir \u00e9t\u00e9 inform\u00e9e lundi qu&rsquo;un Alg\u00e9rien de 24 ans avait \u00e9t\u00e9 rel\u00e2ch\u00e9 par erreur de la prison de Wandsworth, dans le sud de Londres, le 29 octobre.<\/p>\n<p>D\u00e9linquant sexuel<\/p>\n<p class=\"fig-paragraph\">Cet homme, Brahim Kaddour-Cherif, avait \u00e9t\u00e9 condamn\u00e9 en novembre 2024 pour attentat \u00e0 la pudeur \u00e0 18 mois de travaux d&rsquo;int\u00e9r\u00eat g\u00e9n\u00e9ral et une inscription au fichier des d\u00e9linquants sexuels. Il est toujours recherch\u00e9. Il avait \u00e9t\u00e9 incarc\u00e9r\u00e9 pour une tentative d&rsquo;intrusion en vue de commettre un cambriolage, selon des m\u00e9dias britanniques. L&rsquo;homme n&rsquo;est pas un demandeur d&rsquo;asile, a pr\u00e9cis\u00e9 le minist\u00e8re de l&rsquo;Int\u00e9rieur, ajoutant qu&rsquo;il \u00e9tait vis\u00e9 par une proc\u00e9dure d&rsquo;expulsion apr\u00e8s l&rsquo;expiration de son visa de tourisme qui lui avait permis d&rsquo;entrer au Royaume-Uni en 2019.<\/p>\n<p>                                    <a class=\"fig-a11y-skip a11y-hidden\" href=\"#fig-a11y-skip-main-inarticle\"><br \/>\n        Passer la publicit\u00e9<br \/>\n    <\/a><\/p>\n<p class=\"fig-paragraph\">Cette lib\u00e9ration par erreur a suscit\u00e9 des \u00e9changes houleux au Parlement, sur fond de tensions li\u00e9es \u00e0 l&rsquo;immigration et au droit d&rsquo;asile dans le pays, et de mont\u00e9e du parti d&rsquo;extr\u00eame droite Reform UK. Il y a un peu moins de deux semaines, un demandeur d&rsquo;asile \u00e9thiopien, Hadush Kebatu, condamn\u00e9 en septembre pour des agressions sexuelles qui avaient d\u00e9clench\u00e9 une s\u00e9rie de manifestations anti-immigration dans le pays, avait \u00e9t\u00e9 rel\u00e2ch\u00e9 par erreur. Cela avait suscit\u00e9 de vives critiques sur le fonctionnement du syst\u00e8me p\u00e9nitentiaire. Il a depuis \u00e9t\u00e9 retrouv\u00e9 et expuls\u00e9 vers son pays d&rsquo;origine.<\/p>\n<p>Lancement d\u2019une enqu\u00eate<\/p>\n<p class=\"fig-paragraph\">Le ministre de la Justice,\u00a0<a href=\"http:\/\/www.lefigaro.fr\/vox\/monde\/jean-noel-barrot-et-david-lammy-luttons-contre-la-poutinisation-du-monde-20241121\" data-fig-type=\"Article\" data-gtm-custom-categorie=\"navigation\" data-gtm-custom-action=\"crossclick\" data-gtm-custom-label=\"Contextuel\" data-gtm-event=\"customEventSPE\" data-fig-domain=\"LEFIGARO\" target=\"_blank\" rel=\"noopener\">David Lammy<\/a>, avait alors annonc\u00e9 le lancement d&rsquo;une enqu\u00eate, les chiffres montrant une forte hausse de ces lib\u00e9rations par erreur (262 entre mars 2024 et mars 2025, contre 115 un an plus t\u00f4t). Le ministre travailliste s&rsquo;est dit \u00ababsolument indign\u00e9 et constern\u00e9\u00bb par cette nouvelle m\u00e9prise. Il a ajout\u00e9 que des agents de son minist\u00e8re avaient \u00abtravaill\u00e9 toute la nuit pour tenter de le ramener en prison\u00bb. Un porte-parole du Premier ministre Keir Starmer a aussi jug\u00e9 cette erreur \u00abtotalement inacceptable\u00bb, estimant que le syst\u00e8me devait \u00ab\u00eatre r\u00e9form\u00e9\u00bb. Mais David Lammy est sur le gril, apr\u00e8s avoir refus\u00e9 de confirmer devant le Parlement qu&rsquo;il avait connaissance de cette erreur.<\/p>\n<p class=\"fig-paragraph\">L&rsquo;information n&rsquo;avait pas \u00e9t\u00e9 officiellement confirm\u00e9e mais un d\u00e9put\u00e9 conservateur lui a demand\u00e9 si depuis Hadush Kebatu, aucun autre d\u00e9tenu demandeur d&rsquo;asile n&rsquo;avait \u00e9t\u00e9 lib\u00e9r\u00e9 accidentellement. David Lammy n&rsquo;a pas r\u00e9pondu, renvoyant au bilan des conservateurs en mati\u00e8re de gestion des prisons, et a visiblement perdu patience lorsque le d\u00e9put\u00e9 a r\u00e9p\u00e9t\u00e9 sa question \u00e0 plusieurs reprises.<\/p>\n<p class=\"fig-paragraph\">Un porte-parole de la cheffe de l&rsquo;opposition conservatrice Kemi Badenoch a estim\u00e9 que David Lammy devait revenir faire une d\u00e9claration \u00e0 la chambre des Communes \u00abd\u00e8s que possible\u00bb. Plus tard dans la journ\u00e9e, la police a publi\u00e9 un avis de recherche pour un autre d\u00e9tenu, William Smith, lib\u00e9r\u00e9 par erreur lundi de la m\u00eame prison de Wandsworth o\u00f9 il purgeait une peine de 45 mois de prison pour fraudes.<\/p>\n","protected":false},"excerpt":{"rendered":"Un nouvel embarras pour le gouvernement apr\u00e8s un cas similaire r\u00e9cent et tr\u00e8s m\u00e9diatis\u00e9 concernant un demandeur d\u2019asile.&hellip;\n","protected":false},"author":2,"featured_media":514114,"comment_status":"","ping_status":"","sticky":false,"template":"","format":"standard","meta":{"footnotes":""},"categories":[1588],"tags":[11,17316,1777,674,12,473,1853,1851,1850,1852],"class_list":{"0":"post-514113","1":"post","2":"type-post","3":"status-publish","4":"format-standard","5":"has-post-thumbnail","7":"category-royaume-uni","8":"tag-actualites","9":"tag-detenus","10":"tag-eu","11":"tag-europe","12":"tag-news","13":"tag-royaume-uni","14":"tag-royaume-uni-de-grande-bretagne-et-dirlande-du-nord","15":"tag-uk","16":"tag-united-kingdom","17":"tag-united-kingdom-of-great-britain-and-northern-ireland"},"share_on_mastodon":{"url":"https:\/\/pubeurope.com\/@fr\/115498537704110001","error":""},"_links":{"self":[{"href":"https:\/\/www.europesays.com\/fr\/wp-json\/wp\/v2\/posts\/514113","targetHints":{"allow":["GET"]}}],"collection":[{"href":"https:\/\/www.europesays.com\/fr\/wp-json\/wp\/v2\/posts"}],"about":[{"href":"https:\/\/www.europesays.com\/fr\/wp-json\/wp\/v2\/types\/post"}],"author":[{"embeddable":true,"href":"https:\/\/www.europesays.com\/fr\/wp-json\/wp\/v2\/users\/2"}],"replies":[{"embeddable":true,"href":"https:\/\/www.europesays.com\/fr\/wp-json\/wp\/v2\/comments?post=514113"}],"version-history":[{"count":0,"href":"https:\/\/www.europesays.com\/fr\/wp-json\/wp\/v2\/posts\/514113\/revisions"}],"wp:featuredmedia":[{"embeddable":true,"href":"https:\/\/www.europesays.com\/fr\/wp-json\/wp\/v2\/media\/514114"}],"wp:attachment":[{"href":"https:\/\/www.europesays.com\/fr\/wp-json\/wp\/v2\/media?parent=514113"}],"wp:term":[{"taxonomy":"category","embeddable":true,"href":"https:\/\/www.europesays.com\/fr\/wp-json\/wp\/v2\/categories?post=514113"},{"taxonomy":"post_tag","embeddable":true,"href":"https:\/\/www.europesays.com\/fr\/wp-json\/wp\/v2\/tags?post=514113"}],"curies":[{"name":"wp","href":"https:\/\/api.w.org\/{rel}","templated":true}]}}