{"id":514134,"date":"2025-11-05T18:51:18","date_gmt":"2025-11-05T18:51:18","guid":{"rendered":"https:\/\/www.europesays.com\/fr\/514134\/"},"modified":"2025-11-05T18:51:18","modified_gmt":"2025-11-05T18:51:18","slug":"laurent-ruquier-na-pas-laisse-un-bon-souvenir-a-mariah-carey-aap-rocky-rend-hommage-a-rihanna","status":"publish","type":"post","link":"https:\/\/www.europesays.com\/fr\/514134\/","title":{"rendered":"Laurent Ruquier n\u2019a pas laiss\u00e9 un bon souvenir \u00e0 Mariah Carey\u2026 A$AP Rocky rend hommage \u00e0 Rihanna\u2026"},"content":{"rendered":"<p>5\u00a0novembre 2025<\/p>\n<p>Brendan Fraser, Rachel Weisz et \u00ab\u00a0La Momie\u00a0\u00bb pourraient faire leur retour<\/p>\n<p>Les stars de la franchise La Momie, dont le dernier film avec <a href=\"https:\/\/www.20minutes.fr\/people\/4026342-20230305-brendan-fraser-raconte-comment-failli-mourir-pendu-tournage-momie\" target=\"_blank\" class=\"c-link c-link--is-underlined\" rel=\"nofollow noopener\">Brendan Fraser<\/a> date de\u00a02008, seraient en pourparlers pour se retrouver dans une suite de l\u2019\u00e9pop\u00e9e, selon <a href=\"https:\/\/ew.com\/brendan-fraser-rachel-weisz-to-reunite-for-new-mummy-movie-11843532\" rel=\"nofollow noopener\" target=\"_blank\" class=\"c-link c-link--is-underlined\">Entertainment Weekly<\/a>. Brendan Fraser et Rachel Weisz se sont donn\u00e9 la r\u00e9plique dans La Momie (1999) et Le retour de la momie (2001). L\u2019acteur est ensuite revenu dans La momie\u00a0: la tombe de l\u2019empereur dragon (2008) avant de rendre le costume <a href=\"https:\/\/www.20minutes.fr\/people\/4020562-20230128-brendan-fraser-debarque-prevenir-lors-projection-momie-londres\" target=\"_blank\" class=\"c-link c-link--is-underlined\" rel=\"nofollow noopener\">du c\u00e9l\u00e8bre aventurier<\/a> Rick O\u2019Connell.<\/p>\n<p>Mais ce dernier pourrait bien revenir au cin\u00e9ma dans une suite dirig\u00e9e par le duo de cin\u00e9astes Radio Silence, \u00e9galement en charge des prochains films Scream, tandis que le sc\u00e9nario, d\u00e9j\u00e0 pr\u00eat, a \u00e9t\u00e9 r\u00e9dig\u00e9 par David Coggeshall, \u00e0 qui l\u2019on doit aussi les films Prey et The Deliverance.<\/p>\n<p>Cette fois o\u00f9 Laurent Ruquier a vex\u00e9 Mariah Carey<\/p>\n<p>Le bel hommage d\u2019A$AP Rocky \u00e0 Rihanna aux CFDA Awards<\/p>\n<p>Le conjoint de la chanteuse et cr\u00e9atrice de Fenty Beauty a eu une pens\u00e9e pour elle lors de son discours de remerciements pour le prix d\u2019\u00ab\u00a0ic\u00f4ne de la mode\u00a0\u00bb que lui a remis le conseil des cr\u00e9ateurs de mode am\u00e9ricains (CFDA), comme l\u2019a rapport\u00e9 <a href=\"https:\/\/people.com\/asap-rocky-praises-rihanna-inspiring-him-cfda-fashion-icon-award-11843569\" rel=\"nofollow noopener\" target=\"_blank\" class=\"c-link c-link--is-underlined\">People<\/a>. \u00ab\u00a0Baby girl, je t\u2019aime\u00a0\u00bb, a d\u00e9clar\u00e9 A$AP Rocky, qui a r\u00e9cemment accueilli son troisi\u00e8me enfant avec Rihanna, <a href=\"https:\/\/www.20minutes.fr\/arts-stars\/people\/4175163-20250925-rihanna-maman-troisieme-fois-v-u-exauce\" target=\"_blank\" class=\"c-link c-link--is-underlined\" rel=\"nofollow noopener\">une petite s\u0153ur, Rocki<\/a>, pour RZA, trois ans, et Riot, deux ans.<\/p>\n<p>Le rappeur a rendu hommage \u00e0 <a href=\"https:\/\/www.20minutes.fr\/arts-stars\/people\/4175366-20250927-ap-rocky-rihanna-veulent-transmettre-garde-robe-enfants-heritage\" target=\"_blank\" class=\"c-link c-link--is-underlined\" rel=\"nofollow noopener\">la jeune m\u00e8re<\/a>, lui rappelant qu\u2019elle avait elle-m\u00eame re\u00e7u ce prix 11 ans auparavant. \u00ab\u00a0Tu as gagn\u00e9 cela il y a si longtemps, tu te souviens de ce que je t\u2019ai dit\u00a0? Je t\u2019ai dit\u00a0: \u00ab\u00a0Yo, tu m\u2019inspires. Un jour, je vais gagner ce truc\u00a0\u00bb\u00a0\u00bb, a d\u00e9clar\u00e9 A$AP Rocky. \u00ab\u00a0Tous les prix, tu te souviens\u00a0? Et regarde, on a r\u00e9ussi, b\u00e9b\u00e9\u00a0!\u00a0\u00bb<\/p>\n<p>Le couple avait foul\u00e9 le tapis rouge de l\u2019\u00e9v\u00e8nement main dans la main quelques minutes plus t\u00f4t.<\/p>\n","protected":false},"excerpt":{"rendered":"5\u00a0novembre 2025 Brendan Fraser, Rachel Weisz et \u00ab\u00a0La Momie\u00a0\u00bb pourraient faire leur retour Les stars de la franchise&hellip;\n","protected":false},"author":2,"featured_media":514135,"comment_status":"","ping_status":"","sticky":false,"template":"","format":"standard","meta":{"footnotes":""},"categories":[1359],"tags":[58,59,2702,1011,27,1759,34115,973,5418,133],"class_list":{"0":"post-514134","1":"post","2":"type-post","3":"status-publish","4":"format-standard","5":"has-post-thumbnail","7":"category-people","8":"tag-divertissement","9":"tag-entertainment","10":"tag-fil-des-stars","11":"tag-fr","12":"tag-france","13":"tag-laurent-ruquier","14":"tag-mariah-carey","15":"tag-people","16":"tag-rihanna","17":"tag-video"},"share_on_mastodon":{"url":"https:\/\/pubeurope.com\/@fr\/115498600631250667","error":""},"_links":{"self":[{"href":"https:\/\/www.europesays.com\/fr\/wp-json\/wp\/v2\/posts\/514134","targetHints":{"allow":["GET"]}}],"collection":[{"href":"https:\/\/www.europesays.com\/fr\/wp-json\/wp\/v2\/posts"}],"about":[{"href":"https:\/\/www.europesays.com\/fr\/wp-json\/wp\/v2\/types\/post"}],"author":[{"embeddable":true,"href":"https:\/\/www.europesays.com\/fr\/wp-json\/wp\/v2\/users\/2"}],"replies":[{"embeddable":true,"href":"https:\/\/www.europesays.com\/fr\/wp-json\/wp\/v2\/comments?post=514134"}],"version-history":[{"count":0,"href":"https:\/\/www.europesays.com\/fr\/wp-json\/wp\/v2\/posts\/514134\/revisions"}],"wp:featuredmedia":[{"embeddable":true,"href":"https:\/\/www.europesays.com\/fr\/wp-json\/wp\/v2\/media\/514135"}],"wp:attachment":[{"href":"https:\/\/www.europesays.com\/fr\/wp-json\/wp\/v2\/media?parent=514134"}],"wp:term":[{"taxonomy":"category","embeddable":true,"href":"https:\/\/www.europesays.com\/fr\/wp-json\/wp\/v2\/categories?post=514134"},{"taxonomy":"post_tag","embeddable":true,"href":"https:\/\/www.europesays.com\/fr\/wp-json\/wp\/v2\/tags?post=514134"}],"curies":[{"name":"wp","href":"https:\/\/api.w.org\/{rel}","templated":true}]}}