{"id":514142,"date":"2025-11-05T18:56:42","date_gmt":"2025-11-05T18:56:42","guid":{"rendered":"https:\/\/www.europesays.com\/fr\/514142\/"},"modified":"2025-11-05T18:56:42","modified_gmt":"2025-11-05T18:56:42","slug":"ce-gros-changement-surprenant-par-rapport-aux-films-de-la-saga","status":"publish","type":"post","link":"https:\/\/www.europesays.com\/fr\/514142\/","title":{"rendered":"Ce gros changement surprenant par rapport aux films de la saga"},"content":{"rendered":"<p>La s\u00e9rie Harry Potter, en pr\u00e9paration pour HBO, est tr\u00e8s attendue par les fans de l\u2019univers. Contrairement aux films, elle va subir un gros changement qui peut \u00eatre surprenant, mais qui apportera s\u00fbrement un vrai plus.<\/p>\n<p>Apr\u00e8s une saga de huit films qui ont tous \u00e9t\u00e9 couronn\u00e9s de succ\u00e8s, l&rsquo;univers Harry Potter s&rsquo;appr\u00eate \u00e0 revenir sous le format d&rsquo;une s\u00e9rie. Une nouvelle qui a ravi les fans, d\u00e9j\u00e0 tr\u00e8s impliqu\u00e9s dans le projet, puisqu&rsquo;<a href=\"https:\/\/www.programme-tv.net\/news\/series-tv\/384797-serie-harry-potter-les-fans-ont-trouve-leur-sirius-black-parfait-depuis-des-annees-mais-cet-acteur-hesite\/\" data-api-deeplink=\"teleloisirs:\/\/news\/384797\" target=\"_blank\" rel=\"noopener\">ils ont donn\u00e9 quelques pistes pour le r\u00f4le de Sirius Black.<\/a> Et alors qu&rsquo;<a href=\"https:\/\/www.programme-tv.net\/news\/series-tv\/386249-bonne-chance-a-qui-le-jouera-cet-acteur-dement-les-rumeurs-il-ne-sera-pas-voldemort-dans-la-serie-harry-potter\/\" data-api-deeplink=\"teleloisirs:\/\/news\/386249\" target=\"_blank\" rel=\"noopener\">un acteur \u00e9tait le grand favori pour jouer le personnage de Voldemort, celui-ci a bris\u00e9 le c\u0153ur des fans<\/a>. En revanche,<a href=\"https:\/\/www.programme-tv.net\/news\/series-tv\/386520-cet-acteur-culte-des-films-harry-potter-reprend-son-role-dans-la-serie-attendue-en-2027\/\" data-api-deeplink=\"teleloisirs:\/\/news\/386520\" target=\"_blank\" rel=\"noopener\"> un com\u00e9dien va reprendre son r\u00f4le dans la s\u00e9rie attendue pour 2027 sur HBO Max.<\/a> En ce qui concerne le casting, toujours, <a href=\"https:\/\/www.programme-tv.net\/news\/series-tv\/385707-serie-harry-potter-la-famille-weasley-se-devoile-dans-une-photo-rigolote\/\" data-api-deeplink=\"teleloisirs:\/\/news\/385707\" target=\"_blank\" rel=\"noopener\">l&rsquo;int\u00e9gralit\u00e9 des acteurs jouant la fratrie Weasley a \u00e9t\u00e9 d\u00e9voil\u00e9e avec une photo tr\u00e8s rigolote.<\/a><\/p>\n<p>Cette chose qui sera dans la s\u00e9rie Harry Potter n&rsquo;\u00e9tait pas dans les films<\/p>\n<p>Si la s\u00e9rie est tr\u00e8s attendue, elle est \u00e9galement redout\u00e9e par de nombreux fans qui ont peur de voir l&rsquo;histoire initiale subir de trop gros changements.<b> <\/b>Contrairement aux films, cette production va d&rsquo;ailleurs subir un changement majeur, puisqu&rsquo;on y retrouvera la voix d&rsquo;un narrateur, qui devrait \u00eatre l&rsquo;acteur britannique Tom Turner.<b> <\/b>Si l&rsquo;information n&rsquo;a pas encore \u00e9t\u00e9 officiellement annonc\u00e9e par HBO, <a href=\"https:\/\/collider.com\/harry-potter-hbo-series-narrator-controversial-change\/?utm_medium=Social-Distribution&amp;utm_campaign=Linkinbio-Collider&amp;utm_source=Instagram\" target=\"_blank\" rel=\"noopener\">Collider<\/a> explique qu&rsquo;elle provient de sources fiables. De quoi faire r\u00e9agir les internautes qui se demandent bien si le fait d&rsquo;avoir un narrateur a une vraie utilit\u00e9 \u00e0 l&rsquo;histoire. Ce qui est certain, c&rsquo;est que cela apportera une autre dimension \u00e0 l&rsquo;univers Harry Potter, se rapprochant un peu plus des livres et se diff\u00e9renciant ainsi des films.<\/p>\n<p>                        Une s\u00e9rie beaucoup plus calqu\u00e9e sur les livres Harry Potter ?<\/p>\n<p>Les premiers chapitres de Harry Potter \u00e0 l&rsquo;\u00e9cole des sorciers contiennent une narration aux accents humoristiques qui a disparu dans les films et qui devrait donc \u00eatre pr\u00e9sente dans la s\u00e9rie. De nombreuses s\u00e9ries ont adopt\u00e9 ce genre et cela apporte un vrai plus \u00e0 l&rsquo;histoire.<b> <\/b>C&rsquo;est le cas de Desperate Housewives, qui a pour narratrice Mary-Alice Young, premi\u00e8re morte de la s\u00e9rie.<\/p>\n<p>Article \u00e9crit avec la collaboration de 6m\u00e9dias.<\/p>\n","protected":false},"excerpt":{"rendered":"La s\u00e9rie Harry Potter, en pr\u00e9paration pour HBO, est tr\u00e8s attendue par les fans de l\u2019univers. Contrairement aux&hellip;\n","protected":false},"author":2,"featured_media":514143,"comment_status":"","ping_status":"","sticky":false,"template":"","format":"standard","meta":{"footnotes":""},"categories":[1354],"tags":[244,58,59,1346,1011,27,6610,5371,1360,10395,4496,129],"class_list":{"0":"post-514142","1":"post","2":"type-post","3":"status-publish","4":"format-standard","5":"has-post-thumbnail","7":"category-films","8":"tag-commentaire","9":"tag-divertissement","10":"tag-entertainment","11":"tag-films","12":"tag-fr","13":"tag-france","14":"tag-harry-potter","15":"tag-hbo-max","16":"tag-movies","17":"tag-pub-streaming","18":"tag-superstream","19":"tag-svod"},"share_on_mastodon":{"url":"https:\/\/pubeurope.com\/@fr\/115498620382526320","error":""},"_links":{"self":[{"href":"https:\/\/www.europesays.com\/fr\/wp-json\/wp\/v2\/posts\/514142","targetHints":{"allow":["GET"]}}],"collection":[{"href":"https:\/\/www.europesays.com\/fr\/wp-json\/wp\/v2\/posts"}],"about":[{"href":"https:\/\/www.europesays.com\/fr\/wp-json\/wp\/v2\/types\/post"}],"author":[{"embeddable":true,"href":"https:\/\/www.europesays.com\/fr\/wp-json\/wp\/v2\/users\/2"}],"replies":[{"embeddable":true,"href":"https:\/\/www.europesays.com\/fr\/wp-json\/wp\/v2\/comments?post=514142"}],"version-history":[{"count":0,"href":"https:\/\/www.europesays.com\/fr\/wp-json\/wp\/v2\/posts\/514142\/revisions"}],"wp:featuredmedia":[{"embeddable":true,"href":"https:\/\/www.europesays.com\/fr\/wp-json\/wp\/v2\/media\/514143"}],"wp:attachment":[{"href":"https:\/\/www.europesays.com\/fr\/wp-json\/wp\/v2\/media?parent=514142"}],"wp:term":[{"taxonomy":"category","embeddable":true,"href":"https:\/\/www.europesays.com\/fr\/wp-json\/wp\/v2\/categories?post=514142"},{"taxonomy":"post_tag","embeddable":true,"href":"https:\/\/www.europesays.com\/fr\/wp-json\/wp\/v2\/tags?post=514142"}],"curies":[{"name":"wp","href":"https:\/\/api.w.org\/{rel}","templated":true}]}}