{"id":514154,"date":"2025-11-05T19:02:11","date_gmt":"2025-11-05T19:02:11","guid":{"rendered":"https:\/\/www.europesays.com\/fr\/514154\/"},"modified":"2025-11-05T19:02:11","modified_gmt":"2025-11-05T19:02:11","slug":"la-procureur-militaire-israelienne-arretee-pour-avoir-revele-un-scandale-de-torture","status":"publish","type":"post","link":"https:\/\/www.europesays.com\/fr\/514154\/","title":{"rendered":"La procureur militaire isra\u00e9lienne arr\u00eat\u00e9e pour avoir r\u00e9v\u00e9l\u00e9 un scandale de torture"},"content":{"rendered":"<p>\n    <strong>R\u00c9CIT &#8211; <\/strong>La g\u00e9n\u00e9rale Yifat Tomer-Yerushalmi a reconnu \u00eatre \u00e0 l\u2019origine de la fuite d\u2019une vid\u00e9o montrant des s\u00e9vices inflig\u00e9s \u00e0 un d\u00e9tenu palestinien. Sa chute alimente la campagne de la droite contre un appareil judiciaire jug\u00e9 \u00ab\u00a0hostile\u00a0\u00bb \u00e0 l\u2019arm\u00e9e.<\/p>\n<p class=\"fig-paragraph\"><a href=\"http:\/\/www.lefigaro.fr\/international\/israel-l-ex-procureure-generale-de-l-armee-arretee-et-incarceree-pour-des-soupcons-de-violence-contre-des-palestiniens-20251103\" target=\"_blank\" data-fig-type=\"NewsFlash\" rel=\"noopener nofollow\" data-gtm-custom-categorie=\"navigation\" data-gtm-custom-action=\"crossclick\" data-gtm-custom-label=\"Contextuel\" data-gtm-event=\"customEventSPE\" data-fig-domain=\"LEFIGARO\">La g\u00e9n\u00e9rale Yifat Tomer-Yerushalmi<\/a>, jusqu\u2019alors procureur militaire de l\u2019arm\u00e9e isra\u00e9lienne, a \u00e9t\u00e9 arr\u00eat\u00e9e et plac\u00e9e en d\u00e9tention\u00a0: elle a reconnu avoir autoris\u00e9 la fuite d\u2019une vid\u00e9o montrant de graves s\u00e9vices inflig\u00e9s \u00e0\u00a0<a href=\"http:\/\/www.lefigaro.fr\/international\/nous-liberons-le-prochain-yahya-sinwar-le-sombre-profil-des-prisonniers-palestiniens-qu-israel-s-apprete-a-relacher-20251010\" target=\"_blank\" data-fig-type=\"Article\" rel=\"noopener nofollow\" data-gtm-custom-categorie=\"navigation\" data-gtm-custom-action=\"crossclick\" data-gtm-custom-label=\"Contextuel\" data-gtm-event=\"customEventSPE\" data-fig-domain=\"LEFIGARO\">un d\u00e9tenu palestinien<\/a>\u00a0dans la prison militaire de Sde Teiman. Quelques heures plus t\u00f4t, la juriste avait pr\u00e9sent\u00e9 sa d\u00e9mission, discr\u00e8tement quitt\u00e9 son bureau, laiss\u00e9 sa voiture sur une plage pr\u00e8s de Tel-Aviv et disparu, laissant craindre une tentative de suicide. La police l\u2019a finalement retrouv\u00e9e vivante. Elle est d\u00e9sormais mise en cause pour fraude, abus de confiance, obstruction \u00e0 la justice et abus de fonction.<\/p>\n<p class=\"fig-paragraph\">Au c\u0153ur du scandale, une vid\u00e9o diffus\u00e9e dans la presse isra\u00e9lienne \u00e0 l\u2019\u00e9t\u00e9 2024. Cinq r\u00e9servistes de l\u2019arm\u00e9e isra\u00e9lienne sont soup\u00e7onn\u00e9s d\u2019avoir, le 5\u00a0juillet 2024, fait subir des s\u00e9vices \u00e0 un Gazaoui. Les juges militaires les accusent d\u2019avoir conduit l\u2019homme, menott\u00e9 aux mains et aux chevilles,\u00a0les yeux band\u00e9s, dans une zone \u00e0 l\u2019\u00e9cart des cam\u00e9ras avant de\u2026<\/p>\n<p class=\"fig-premium-paywall__infos\">\n        Cet article est r\u00e9serv\u00e9 aux abonn\u00e9s.        Il vous reste 80% \u00e0 d\u00e9couvrir.\n    <\/p>\n<p>                <img  data- alt=\"Le Figaro\" class=\"fig-img--complete fig-img\"\/><\/p>\n<p class=\"fig-premium-paywall__title\">Vous avez envie de lire la suite ?<\/p>\n<p class=\"fig-premium-paywall__subtitle\">D\u00e9bloquez tous les articles imm\u00e9diatement.<\/p>\n<p class=\"fig-premium-paywall__connect\">\n                D\u00e9j\u00e0 abonn\u00e9\u00a0?                <a class=\"fig-premium-paywall__connect-link\" href=\"https:\/\/connect.lefigaro.fr\/login?client=horizon_web&amp;type=main&amp;redirect_uri=https%3A%2F%2Fwww.lefigaro.fr%2Finternational%2Fla-procureur-militaire-israelienne-arretee-pour-avoir-revele-un-scandale-de-torture-20251105\" data-js-gtm=\"{&quot;customCategorie&quot;: &quot;conversion&quot;, &quot;customAction&quot;: &quot;before_Landing_Connexion_paywall_auto&quot;, &quot;customLabel&quot;: &quot;bGVmaWdhcm8uZnJfXzFmMGJhMTc0LTAxOTQtNjM5YS05Yjk3LWM3ODAxNjBiYWM5ZV9fQXJ0aWNsZQ==_La procureur militaire isra\u00e9lienne arr\u00eat\u00e9e pour avoir r\u00e9v\u00e9l\u00e9 un scandale de torture_356&quot;, &quot;customIDSPE&quot;: &quot;bGVmaWdhcm8uZnJfXzFmMGJhMTc0LTAxOTQtNjM5YS05Yjk3LWM3ODAxNjBiYWM5ZV9fQXJ0aWNsZQ==&quot;, &quot;event&quot;: &quot;customEventSPE&quot;}\" rel=\"nofollow noopener\" target=\"_blank\"><br \/>\n                    Connectez-vous<br \/>\n                <\/a>\n            <\/p>\n","protected":false},"excerpt":{"rendered":"R\u00c9CIT &#8211; La g\u00e9n\u00e9rale Yifat Tomer-Yerushalmi a reconnu \u00eatre \u00e0 l\u2019origine de la fuite d\u2019une vid\u00e9o montrant des&hellip;\n","protected":false},"author":2,"featured_media":514155,"comment_status":"","ping_status":"","sticky":false,"template":"","format":"standard","meta":{"footnotes":""},"categories":[5],"tags":[11,1011,27,14,664,12,806,5511,24621,28],"class_list":{"0":"post-514154","1":"post","2":"type-post","3":"status-publish","4":"format-standard","5":"has-post-thumbnail","7":"category-international","8":"tag-actualites","9":"tag-fr","10":"tag-france","11":"tag-international","12":"tag-israel","13":"tag-news","14":"tag-prison","15":"tag-procureur","16":"tag-torture","17":"tag-world"},"share_on_mastodon":{"url":"https:\/\/pubeurope.com\/@fr\/115498643905333276","error":""},"_links":{"self":[{"href":"https:\/\/www.europesays.com\/fr\/wp-json\/wp\/v2\/posts\/514154","targetHints":{"allow":["GET"]}}],"collection":[{"href":"https:\/\/www.europesays.com\/fr\/wp-json\/wp\/v2\/posts"}],"about":[{"href":"https:\/\/www.europesays.com\/fr\/wp-json\/wp\/v2\/types\/post"}],"author":[{"embeddable":true,"href":"https:\/\/www.europesays.com\/fr\/wp-json\/wp\/v2\/users\/2"}],"replies":[{"embeddable":true,"href":"https:\/\/www.europesays.com\/fr\/wp-json\/wp\/v2\/comments?post=514154"}],"version-history":[{"count":0,"href":"https:\/\/www.europesays.com\/fr\/wp-json\/wp\/v2\/posts\/514154\/revisions"}],"wp:featuredmedia":[{"embeddable":true,"href":"https:\/\/www.europesays.com\/fr\/wp-json\/wp\/v2\/media\/514155"}],"wp:attachment":[{"href":"https:\/\/www.europesays.com\/fr\/wp-json\/wp\/v2\/media?parent=514154"}],"wp:term":[{"taxonomy":"category","embeddable":true,"href":"https:\/\/www.europesays.com\/fr\/wp-json\/wp\/v2\/categories?post=514154"},{"taxonomy":"post_tag","embeddable":true,"href":"https:\/\/www.europesays.com\/fr\/wp-json\/wp\/v2\/tags?post=514154"}],"curies":[{"name":"wp","href":"https:\/\/api.w.org\/{rel}","templated":true}]}}