{"id":514160,"date":"2025-11-05T19:05:13","date_gmt":"2025-11-05T19:05:13","guid":{"rendered":"https:\/\/www.europesays.com\/fr\/514160\/"},"modified":"2025-11-05T19:05:13","modified_gmt":"2025-11-05T19:05:13","slug":"saint-chamond-quarante-sept-entreprises-etaient-presentes-au-salon-de-lemploi-du-gier","status":"publish","type":"post","link":"https:\/\/www.europesays.com\/fr\/514160\/","title":{"rendered":"Saint-Chamond. Quarante-sept entreprises \u00e9taient pr\u00e9sentes au salon de l\u2019emploi du Gier"},"content":{"rendered":"<p>Organis\u00e9 par France Travail, l\u2019\u00e9v\u00e9nement a r\u00e9uni 47 entreprises de tous horizons\u00a0: industrie, sant\u00e9, aide \u00e0 la personne, grande distribution, mais aussi plusieurs agences d\u2019int\u00e9rim.<\/p>\n<p>Cette \u00e9dition 2025 a confirm\u00e9 l\u2019int\u00e9r\u00eat grandissant pour le recrutement en direct. Le principe est simple\u00a0: une rencontre en face-\u00e0-face, avec pr\u00e9sentation de CV, o\u00f9 la premi\u00e8re impression et le savoir \u00eatre comptent autant que les comp\u00e9tences techniques. Celle-ci&#8230;<\/p>\n","protected":false},"excerpt":{"rendered":"Organis\u00e9 par France Travail, l\u2019\u00e9v\u00e9nement a r\u00e9uni 47 entreprises de tous horizons\u00a0: industrie, sant\u00e9, aide \u00e0 la personne,&hellip;\n","protected":false},"author":2,"featured_media":514161,"comment_status":"","ping_status":"","sticky":false,"template":"","format":"standard","meta":{"footnotes":""},"categories":[9653],"tags":[1111,11,2430,7539,341,1777,674,1011,27,12,25,9669,9670,4001,801],"class_list":{"0":"post-514160","1":"post","2":"type-post","3":"status-publish","4":"format-standard","5":"has-post-thumbnail","7":"category-saint-etienne","8":"tag-actu","9":"tag-actualites","10":"tag-auvergne-rhone-alpes","11":"tag-edition-loire-sud","12":"tag-emploi","13":"tag-eu","14":"tag-europe","15":"tag-fr","16":"tag-france","17":"tag-news","18":"tag-republique-francaise","19":"tag-saint-chamond","20":"tag-saint-chamond-ville","21":"tag-saint-etienne","22":"tag-social"},"share_on_mastodon":{"url":"https:\/\/pubeurope.com\/@fr\/115498655819019787","error":""},"_links":{"self":[{"href":"https:\/\/www.europesays.com\/fr\/wp-json\/wp\/v2\/posts\/514160","targetHints":{"allow":["GET"]}}],"collection":[{"href":"https:\/\/www.europesays.com\/fr\/wp-json\/wp\/v2\/posts"}],"about":[{"href":"https:\/\/www.europesays.com\/fr\/wp-json\/wp\/v2\/types\/post"}],"author":[{"embeddable":true,"href":"https:\/\/www.europesays.com\/fr\/wp-json\/wp\/v2\/users\/2"}],"replies":[{"embeddable":true,"href":"https:\/\/www.europesays.com\/fr\/wp-json\/wp\/v2\/comments?post=514160"}],"version-history":[{"count":0,"href":"https:\/\/www.europesays.com\/fr\/wp-json\/wp\/v2\/posts\/514160\/revisions"}],"wp:featuredmedia":[{"embeddable":true,"href":"https:\/\/www.europesays.com\/fr\/wp-json\/wp\/v2\/media\/514161"}],"wp:attachment":[{"href":"https:\/\/www.europesays.com\/fr\/wp-json\/wp\/v2\/media?parent=514160"}],"wp:term":[{"taxonomy":"category","embeddable":true,"href":"https:\/\/www.europesays.com\/fr\/wp-json\/wp\/v2\/categories?post=514160"},{"taxonomy":"post_tag","embeddable":true,"href":"https:\/\/www.europesays.com\/fr\/wp-json\/wp\/v2\/tags?post=514160"}],"curies":[{"name":"wp","href":"https:\/\/api.w.org\/{rel}","templated":true}]}}