{"id":514171,"date":"2025-11-05T19:11:10","date_gmt":"2025-11-05T19:11:10","guid":{"rendered":"https:\/\/www.europesays.com\/fr\/514171\/"},"modified":"2025-11-05T19:11:10","modified_gmt":"2025-11-05T19:11:10","slug":"montpellier-visite-sur-le-site-de-cambaceres-le-courant-passe-bien-entre-le-maire-et-engie-green","status":"publish","type":"post","link":"https:\/\/www.europesays.com\/fr\/514171\/","title":{"rendered":"Montpellier. Visite sur le site de Cambac\u00e9r\u00e8s, le courant passe bien entre le maire et Engie Green"},"content":{"rendered":"<p>            Par<br \/>\n        <strong><br \/>\n            <a href=\"https:\/\/actu.fr\/auteur\/jm-aubert\" title=\"Consulter tous les articles de Jean-Marc Aubert\" target=\"_blank\" rel=\"noopener\">Jean-Marc Aubert<\/a><br \/>\n        <\/strong><\/p>\n<p>        Publi\u00e9 le<\/p>\n<p>            5 nov. 2025 \u00e0 19h37        <\/p>\n<p>Le nouveau\u00a0<strong>site \u00e9conomique Cambac\u00e9r\u00e8s<\/strong> s\u2019\u00e9tend de plus en plus aux portes sud-est de <strong>Montpellier, <\/strong>avec\u00a0notamment <strong>le b\u00e2timent ultra-moderne et futuriste de Terra<\/strong>, mitoyen de la gare SNCF Sud de France : il abrite une v\u00e9ritable ruche, dans ses solides structures en bois, avec des dizaines de salari\u00e9s dans de confortables bureaux, avec vue imprenable sur le Pic Saint-Loup. Au total sur ce site et sur les autres en Occitanie, 200 collaborateurs s\u2019affairent dans les services.<\/p>\n<p class=\" wall-content\">\u00ab\u00a0Montpellier d\u2019Engie Green est le site le plus important de tous les autres implant\u00e9s en France. Nous avons recrut\u00e9 ici 52 CDI depuis 2022. Terra est un b\u00e2timent en phase avec la raison d\u2019\u00eatre du groupe\u00a0\u00bb r\u00e9v\u00e8le Samuel Renard, directeur g\u00e9n\u00e9ral d\u2019Engie Green et de Shem.\u00a0Ce sont ces locaux majeurs et historiques des <strong>\u00e9nergies renouvelables<\/strong> \u2013 ENR \u2013 que Micha\u00ebl Delafosse, maire de Montpellier et pr\u00e9sident de la M\u00e9tropole, est venu visiter, ce mercredi 5 novembre 2025, accompagn\u00e9 de son adjoint \u00e9colo Manu Reynaud en charge de l\u2019environnement.<\/p>\n<p>    <a href=\"https:\/\/www.google.com\/maps\/embed?pb=!1m18!1m12!1m3!1d4913.280182791433!2d3.9164999186348837!3d43.59473999724152!2m3!1f0!2f0!3f0!3m2!1i1024!2i768!4f13.1!3m3!1m2!1s0x12b6a5778733c933%3A0x828231cae12f0e3!2sEngie%20Green%20France!5e0!3m2!1sfr!2sfr!4v1762358267194!5m2!1sfr!2sfr\" title=\"Ouvrie le lien\" target=\"_blank\" rel=\"noopener\">Cliquez ici pour visualiser le contenu<\/a><\/p>\n<p class=\" wall-content\">Le maire qui a eu l\u2019occasion d\u2019\u00e9changer avec des salari\u00e9s, dont certains sont Montpelli\u00e9rains, s\u2019est dit s\u00e9duit. \u00ab\u00a0Le sujet des ENR sur lequel vous travaillez est exemplaire et capital. Ici, il se joue des choses extr\u00eamement importantes \u00e0 l\u2019heure du changement climatique. Et je suis heureux d\u2019avoir pu venir vous voir apr\u00e8s l\u2019arriv\u00e9e de la ligne 1 de tramway \u00e0 la gare Sud de France, j\u2019avais pris ces engagements\u00a0\u00bb. Il a ajout\u00e9 que, \u00ab\u00a0la g\u00e9othermie, c\u2019est l\u2019Eldorado\u00a0\u00bb, lan\u00e7ant au passage une pierre dans le jardin du pr\u00e9sident des \u00c9tats-Unis : \u00ab\u00a0Trump a quand m\u00eame dit r\u00e9cemment que les Europ\u00e9ens tuaient les oiseaux avec leurs \u00e9oliennes\u00a0\u00bb, assurant \u00e9galement que \u00ab\u00a0il faut lutter contre la France des proc\u00e9dures qui visent la France des projets comme le v\u00f4tre et convaincre les citoyens de l\u2019importance de l\u2019\u00e9lectricit\u00e9, du photovolta\u00efque, des parcs \u00e9oliens en mer et sur les terres. Je suis tr\u00e8s engag\u00e9 sur la question, j\u2019en parle r\u00e9guli\u00e8rement lors des r\u00e9unions de quartier et avec les administr\u00e9s que j\u2019ai l\u2019occasion de rencontrer. Et nous avons dot\u00e9 les employ\u00e9s de la Ville et de la M\u00e9tropole de v\u00e9hicules \u00e9lectriques\u00a0\u00bb.<\/p>\n<blockquote class=\"ac-article-quote wall-content\">\n<p>\u00ab\u00a0Le sujet des ENR sur lequel vous travaillez est exemplaire et capital. Ici, il se joue des choses extr\u00eamement importantes \u00e0 l&rsquo;heure du changement climatique. Et je suis heureux d&rsquo;avoir pu venir vous voir apr\u00e8s l&rsquo;arriv\u00e9e de la ligne 1 de tramway \u00e0 la gare Sud de France, j&rsquo;avais pris ces engagements\u00a0\u00bb.<\/p>\n<p>    <strong>Micha\u00ebl Delafosse<\/strong><br \/>\n        Maire et pr\u00e9sident de la M\u00e9tropole de Montpellier    <\/p><\/blockquote>\n<p class=\" wall-content\"><strong>Micha\u00ebl Delafosse<\/strong> s\u2019est f\u00e9licit\u00e9 de \u00ab\u00a0cette tr\u00e8s belle histoire industrielle, de cette belle aventure historique qui se renouvelle sans cesse, Engie nous rend fiers de relever ce grand d\u00e9fi face au changement climatique, d\u00e9sormais, on peut dire que Bordeaux est la capitale du vin et Montpellier celles des ENR\u00a0\u00bb, observant que \u00ab\u00a0\u00e0 l\u2019heure de la crise nationale qui frappe l\u2019agriculture et la viticulture, Engie apporte aux paysans des compl\u00e9ments de revenus gr\u00e2ce \u00e0 vos infrastructures\u00a0\u00bb, glissant que <strong>Carole Delga<\/strong>, la pr\u00e9sidente de la R\u00e9gion Occitanie Pyr\u00e9n\u00e9es M\u00e9diterran\u00e9e est \u00e9galement tr\u00e8s branch\u00e9e sur les ENR et les missions d\u2019Engie.<\/p>\n<p>Vid\u00e9os : en ce moment sur Actu<\/p>\n<p class=\" wall-content\">\u00a0<strong>Samuel Renard<\/strong> a d\u2019ailleurs rappel\u00e9 que la premi\u00e8re \u00e9olienne de France a \u00e9t\u00e9 inaugur\u00e9e en Occitanie en 1991 et, qu\u2019\u00e0 ce jour, la r\u00e9gion compte <strong>42 parcs solaires et \u00e9oliens<\/strong> au coeur de territoires exceptionnels offrant le soleil, le vent, la mer et les montagnes, soit 525 MW install\u00e9s. Revenant sur les propos du maire sur la France des proc\u00e9dures \u00e0 combattre, se disant ravi de son soutien dans cette aventure \u00ab\u00a0qui vous tient \u00e0 coeur\u00a0\u00bb, il a relev\u00e9 que, \u00ab\u00a0nous avons besoin d\u2019\u00e9lus comme vous qui s\u2019engagent dans ces beaux projets et qui combattent les mauvaises id\u00e9es\u00a0\u00bb. Un constat : le courant passe bien entre le maire et le patron d\u2019Engie Green.\u00a0<\/p>\n<p>Votre r\u00e9gion, votre actu !<\/p>\n<p>Recevez chaque jour les infos qui comptent pour vous.<\/p>\n<p>\t<a href=\"https:\/\/actu.fr\/newsletter\" class=\"ac-btn ac-btn--corner ac-btn--medium ac-btn--blue800\" target=\"_blank\" rel=\"noopener\">S&rsquo;incrire<\/a><br \/>\nLa production couvre l\u2019\u00e9quivalent de la population de Montpellier<\/p>\n<p class=\" wall-content\">En 2024, l\u2019\u00e9lectricit\u00e9 produite dans les parcs solaires et \u00e9oliens d\u2019Engie Green a couvert la consommation \u00e9lectrique de 2 millions d\u2019habitants et \u00e9vit\u00e9 l\u2019\u00e9mission de pr\u00e8s de 3 millions de tonnes \u00e9quivalent CO2. \u00ab\u00a0Engie est un acteur majeur de la transition \u00e9nerg\u00e9tique, dont la raison d\u2019\u00eatre est d\u2019agir pour acc\u00e9l\u00e9rer la transition vers une \u00e9conomie neutre en carbone\u00a0\u00bb. L\u2019ann\u00e9e derni\u00e8re, le groupe a r\u00e9alis\u00e9 un chiffre d\u2019affaires de 73,8 milliards d\u2019euros. Il faut savoir que la production \u00e9lectrique couvre l\u2019\u00e9quivalent de la consommation annuelle d\u2019environ 300 000 habitants, soit la population de Montpellier, que 4,2M\u20ac de recettes fiscales sont vers\u00e9es aux collectivit\u00e9s concern\u00e9es par les installations, que 380M\u20ac de contrats ont \u00e9t\u00e9 r\u00e9alis\u00e9s avec des entreprises localement implant\u00e9es.<\/p>\n<p class=\" wall-content\">On a ainsi appris ce mercredi que Terra est le plus grand immeuble de cinq \u00e9tages en structure bois \u2013 planchers, poteaux, poutres et fa\u00e7ades \u2013 d\u2019Occitanie. Il est raccord\u00e9 au r\u00e9seau urbain de chaleur et dispose de 400m2 de panneaux photovolta\u00efques sur la toiture. \u00ab\u00a087% des Occitans ont une image positive des \u00e9nergies et pr\u00e8s d\u2019un habitant sur deux identifie l\u2019\u00e9nergie \u00e9olienne comme une priorit\u00e9 majeure\u00a0\u00bb a indiqu\u00e9 Samuel Renard. Dans les \u00e9tages abritant les sept services \u2013 dont la prospection, l\u2019ing\u00e9nierie, l\u2019exploitation et la maintenance \u2013 des salons feutr\u00e9s portent des noms idoines : romarin, lavande, mimosa, \u00e9den, palmier et bien s\u00fbr green.\u00a0<\/p>\n<p class=\" wall-content\">Pr\u00e9server l\u2019environnement est un engagement global d\u2019Engie Green, dont la d\u00e9marche a pour objectif de mesurer, limiter et compenser les effets des installations et des activit\u00e9s. \u00ab\u00a0Les analyses environnementales tiennent compte des eaux souterraines et superficielles, des for\u00eats, de la faune et de la flore. Cette d\u00e9marche interactive et collaboratrice en faveur de la biodiversit\u00e9 int\u00e8gre la gestion des d\u00e9chets pour la totalit\u00e9 des activit\u00e9s. Avec des r\u00e9sultats concrets : entre 2021 et 2023, Engie Green a r\u00e9duit d\u2019un tiers la mortalit\u00e9 des chauve-souris\u00a0\u00bb, a soulign\u00e9 Samuel Renard. Avec cette r\u00e9alit\u00e9 : des associations h\u00e9raultaises estent en justice pour d\u00e9noncer la mort de rapaces broy\u00e9s par les pales des machines, notamment sur le site nord de Lunas-les-Ch\u00e2teaux.<\/p>\n<p>Les femmes de plus en plus nombreuses\u00a0<\/p>\n<p class=\" wall-content\">Deux t\u00e9moignages int\u00e9ressants sur ce groupe et ses \u00e9volutions spectaculaires : R\u00e9gis Lombart, responsable d\u2019agence r\u00e9gionale Engie Green souligne que \u00ab\u00a0depuis mes d\u00e9buts, des ponts entiers d\u2019expertises ont \u00e9t\u00e9 ajout\u00e9s au fur et \u00e0 mesure au m\u00e9tier d\u2019exploitant : acoustique, biodiversit\u00e9, expertise en s\u00e9curit\u00e9 et relations avec la Dreal. Pour faire ce job, il faut \u00eatre curieux, adaptable et aimer le travail en \u00e9quipe, c\u2019est un secteur en constante \u00e9volution\u00a0\u00bb. Et qui attire les femmes. Chlo\u00e9 Delpierre, charg\u00e9e d\u2019exploitation confirme que, \u00ab\u00a0au d\u00e9but des ann\u00e9es 2000, elles n\u2019\u00e9taient pas nombreuses, il n\u2019y en avait tr\u00e8s peu on peut m\u00eame dire. \u00c0 mes d\u00e9buts, apr\u00e8s l\u2019\u00e9cole, ce m\u00e9tier technique \u00e9tait vu comme masculin. Je suis fi\u00e8re d\u2019avoir pu \u00e9voluer\u00a0\u00bb.<\/p>\n<p class=\" wall-content\">Cette instructive et passionnante visite dans l\u2019immeuble Terra a litt\u00e9ralement conquis l\u2019\u00e9lectrique Micha\u00ebl Delafosse qui doit redoubler de bonnes \u00e9nergies, \u00e0 l\u2019heure o\u00f9 se profile les \u00e9lections municipales de mars prochain. Le maire sait maintenant o\u00f9 il peut venir recharger ses batteries.<\/p>\n<p class=\" wall-content\">Personnalisez votre actualit\u00e9 en ajoutant vos villes et m\u00e9dias en favori avec <a href=\"https:\/\/moncompte.actu.fr\" title=\"D\u00e9couvez Mon Actu\" rel=\"nofollow noopener\" data-trk=\"{&quot;cta&quot;:{&quot;action&quot;:&quot;https:\\\/\\\/moncompte.actu.fr&quot;,&quot;category&quot;:&quot;mon compte&quot;,&quot;from&quot;:&quot;article footer&quot;,&quot;name&quot;:&quot;Mon actu&quot;,&quot;type&quot;:&quot;cta&quot;}}\" target=\"_blank\">Mon Actu<\/a>.<\/p>\n","protected":false},"excerpt":{"rendered":"Par Jean-Marc Aubert Publi\u00e9 le 5 nov. 2025 \u00e0 19h37 Le nouveau\u00a0site \u00e9conomique Cambac\u00e9r\u00e8s s\u2019\u00e9tend de plus en&hellip;\n","protected":false},"author":2,"featured_media":514172,"comment_status":"","ping_status":"","sticky":false,"template":"","format":"standard","meta":{"footnotes":""},"categories":[9599],"tags":[1111,11,33,5254,1777,674,1011,27,6127,5324,2208,12,2680,25],"class_list":{"0":"post-514171","1":"post","2":"type-post","3":"status-publish","4":"format-standard","5":"has-post-thumbnail","7":"category-montpellier","8":"tag-actu","9":"tag-actualites","10":"tag-economie","11":"tag-eoliennes","12":"tag-eu","13":"tag-europe","14":"tag-fr","15":"tag-france","16":"tag-mer","17":"tag-montagne","18":"tag-montpellier","19":"tag-news","20":"tag-occitanie","21":"tag-republique-francaise"},"share_on_mastodon":{"url":"https:\/\/pubeurope.com\/@fr\/115498679271591109","error":""},"_links":{"self":[{"href":"https:\/\/www.europesays.com\/fr\/wp-json\/wp\/v2\/posts\/514171","targetHints":{"allow":["GET"]}}],"collection":[{"href":"https:\/\/www.europesays.com\/fr\/wp-json\/wp\/v2\/posts"}],"about":[{"href":"https:\/\/www.europesays.com\/fr\/wp-json\/wp\/v2\/types\/post"}],"author":[{"embeddable":true,"href":"https:\/\/www.europesays.com\/fr\/wp-json\/wp\/v2\/users\/2"}],"replies":[{"embeddable":true,"href":"https:\/\/www.europesays.com\/fr\/wp-json\/wp\/v2\/comments?post=514171"}],"version-history":[{"count":0,"href":"https:\/\/www.europesays.com\/fr\/wp-json\/wp\/v2\/posts\/514171\/revisions"}],"wp:featuredmedia":[{"embeddable":true,"href":"https:\/\/www.europesays.com\/fr\/wp-json\/wp\/v2\/media\/514172"}],"wp:attachment":[{"href":"https:\/\/www.europesays.com\/fr\/wp-json\/wp\/v2\/media?parent=514171"}],"wp:term":[{"taxonomy":"category","embeddable":true,"href":"https:\/\/www.europesays.com\/fr\/wp-json\/wp\/v2\/categories?post=514171"},{"taxonomy":"post_tag","embeddable":true,"href":"https:\/\/www.europesays.com\/fr\/wp-json\/wp\/v2\/tags?post=514171"}],"curies":[{"name":"wp","href":"https:\/\/api.w.org\/{rel}","templated":true}]}}