{"id":514177,"date":"2025-11-05T19:14:11","date_gmt":"2025-11-05T19:14:11","guid":{"rendered":"https:\/\/www.europesays.com\/fr\/514177\/"},"modified":"2025-11-05T19:14:11","modified_gmt":"2025-11-05T19:14:11","slug":"un-elu-de-rouen-depose-plainte","status":"publish","type":"post","link":"https:\/\/www.europesays.com\/fr\/514177\/","title":{"rendered":"un \u00e9lu de Rouen d\u00e9pose plainte"},"content":{"rendered":"<p>            Par<br \/>\n        <strong><br \/>\n            <a href=\"https:\/\/actu.fr\/auteur\/adrien-filoche\" title=\"Consulter tous les articles de Adrien Filoche\" rel=\"nofollow noopener\" target=\"_blank\">Adrien Filoche<\/a><br \/>\n        <\/strong><\/p>\n<p>        Publi\u00e9 le<\/p>\n<p>            5 nov. 2025 \u00e0 20h06        <\/p>\n<p><strong>Des coups et des menaces de mort.\u00a0<\/strong>Fin octobre\u00a02025, Thibaut Drouet, \u00e9lu au conseil municipal \u00e0 la mairie de <a href=\"https:\/\/actu.fr\/normandie\/rouen_76540\" rel=\"nofollow noopener\" target=\"_blank\">Rouen<\/a> a \u00e9t\u00e9 victime d\u2019une <a href=\"https:\/\/actu.fr\/normandie\/saint-etienne-du-rouvray_76575\/une-serveuse-d-un-buffalo-grill-pres-de-rouen-frappee-par-son-ex-en-plein-service-que-s-est-il-passe_63395810.html\" rel=\"nofollow noopener\" target=\"_blank\">agression<\/a>. Apr\u00e8s avoir signal\u00e9 \u00e0 <strong>un automobiliste qu\u2019il \u00e9tait mal gar\u00e9<\/strong>, ce dernier en est venu aux mains et l\u2019a menac\u00e9. Interrog\u00e9 par 76actu, Thibaut Drouet revient sur cette <strong>violente altercation.<\/strong><\/p>\n<p>Un conducteur mal gar\u00e9 et la situation d\u00e9rape<\/p>\n<p class=\" wall-content\">Les faits se sont d\u00e9roul\u00e9s devant chez lui. Il se trouvait au niveau de l\u2019avenue de Bretagne lorsqu\u2019il remarque un v\u00e9hicule gar\u00e9 en \u00ab\u2009stationnement abusif\u2009\u00bb, sur le trottoir. \u00ab\u2009Je vois \u00e7a, je regarde autour de moi pour interpeller la personne\u2009\u00bb, raconte-t-il. Personne autour. L\u2019\u00e9lu d\u00e9cide alors d\u2019appeler la police municipale.<\/p>\n<blockquote class=\"ac-article-quote wall-content\">\n<p>Quand j&rsquo;\u00e9tais au t\u00e9l\u00e9phone, il est arriv\u00e9. Je lui ai expliqu\u00e9 la situation et il s&rsquo;est \u00e9nerv\u00e9.<\/p>\n<p>    <strong>Thibaut Drouet,<\/strong><br \/>\n        \u00e9lu municipal \u00e0 Rouen.    <\/p><\/blockquote>\n<p class=\" wall-content\">La tension monte tr\u00e8s rapidement. L\u2019\u00e9lu raconte que l\u2019homme monte dans sa voiture et lui dit\u2009: \u00ab\u2009Ne t\u2019inqui\u00e8te pas je me d\u00e9place et je reviens.\u2009\u00bb Le conducteur tr\u00e8s \u00e9nerv\u00e9 s\u2019ex\u00e9cute. Il se gare quelques m\u00e8tres plus loin et revient vers l\u2019\u00e9lu, l\u2019air mena\u00e7ant.<\/p>\n<p class=\" wall-content\">L\u2019\u00e9lu se r\u00e9fugie dans la cage d\u2019escalier de son habitation. \u00ab\u2009Il \u00e9tait devant et tapait \u00e0 la porte\u2009\u00bb, d\u00e9taille-t-il. Puis, voyant la situation fig\u00e9e, l\u2019agresseur s\u2019en va et p\u00e9n\u00e8tre dans un bar un peu plus loin.<\/p>\n<p>\u00ab\u2009Il m\u2019a dit\u2009: \u2018T\u2019es mort\u2019\u00bb<\/p>\n<p class=\" wall-content\">\u00ab\u2009Comme je connais les patrons du bar, j\u2019y suis all\u00e9\u2009\u00bb, relate Thibaut Drouet. \u00c0 l\u2019int\u00e9rieur, il recroise l\u2019individu. \u00ab\u2009Il m\u2019a pouss\u00e9 dehors, puis il m\u2019a frapp\u00e9. J\u2019ai re\u00e7u quatre coups\u2009\u00bb, raconte l\u2019\u00e9lu. Le patron du bar finit par s\u2019interposer. Il poursuit\u2009: \u00ab\u2009Ensuite le gars est reparti vers sa voiture et il m\u2019a dit \u00e0 deux reprises\u2009: \u2018t\u2019es mort.\u2019\u00bb<\/p>\n<p class=\" wall-content\">Juste apr\u00e8s les faits, Thibaut Drouet a d\u00e9pos\u00e9 plainte. \u00ab\u2009L\u2019enqu\u00eate suit son cours. On m\u2019a dit que la personne avait \u00e9t\u00e9 retrouv\u00e9e\u2009\u00bb, note-t-il simplement.<\/p>\n<p>Votre r\u00e9gion, votre actu !<\/p>\n<p>Recevez chaque jour les infos qui comptent pour vous.<\/p>\n<p>\t<a href=\"https:\/\/actu.fr\/newsletter\" class=\"ac-btn ac-btn--corner ac-btn--medium ac-btn--blue800\" rel=\"nofollow noopener\" target=\"_blank\">S&rsquo;incrire<\/a><\/p>\n<blockquote class=\"ac-article-quote wall-content\">\n<p>Mon message, c&rsquo;est alerter sur les incivilit\u00e9s mais aussi de dire\u00a0que les incivilit\u00e9s, c\u2019est la pr\u00e9occupation de tout le monde.<\/p>\n<p>    <strong>Thibaut Drouet,<\/strong><br \/>\n        \u00e9lu municipal \u00e0 Rouen    <\/p><\/blockquote>\n<p class=\" wall-content\">Sur Facebook, l\u2019\u00e9lu a racont\u00e9 ce qu\u2019il a v\u00e9cu dans une publication partag\u00e9e ce 5 novembre. Le conseiller municipal a par ailleurs re\u00e7u le soutien de sa famille politique, \u00e0 l\u2019instar du maire de Rouen <a href=\"https:\/\/actu.fr\/tag\/nicolas-mayer-rossignol\" rel=\"nofollow noopener\" target=\"_blank\">Nicolas Mayer-Rossignol<\/a> ainsi que de la d\u00e9put\u00e9e Florence H\u00e9rouin-L\u00e9autey.<\/p>\n<p class=\" wall-content\">\n<p class=\" wall-content\">\n<p class=\" wall-content\">Celui qui a d\u00e9j\u00e0 \u00e9t\u00e9 victime d\u2019une agression en 2022 de la part d\u2019un automobiliste alors qu\u2019il circulait \u00e0 v\u00e9lo en a \u00e9galement profit\u00e9 pour rappeler \u00ab\u2009qu\u2019il manque toujours une centaine de policiers nationaux sur la M\u00e9tropole de Rouen\u2009\u00bb.<\/p>\n<p>Suivez l\u2019actualit\u00e9 de Rouen sur <a href=\"https:\/\/www.whatsapp.com\/channel\/0029VaKfnf99hXF2ddApFB1D\" rel=\"nofollow noopener\" target=\"_blank\">notre cha\u00eene WhatsApp<\/a> et sur <a href=\"https:\/\/www.tiktok.com\/@76actu.fr?lang=fr\" rel=\"nofollow noopener\" target=\"_blank\">notre compte TikTok<\/a><\/p>\n<p class=\" wall-content\">Personnalisez votre actualit\u00e9 en ajoutant vos villes et m\u00e9dias en favori avec <a href=\"https:\/\/moncompte.actu.fr\" title=\"D\u00e9couvez Mon Actu\" rel=\"nofollow noopener\" data-trk=\"{&quot;cta&quot;:{&quot;action&quot;:&quot;https:\\\/\\\/moncompte.actu.fr&quot;,&quot;category&quot;:&quot;mon compte&quot;,&quot;from&quot;:&quot;article footer&quot;,&quot;name&quot;:&quot;Mon actu&quot;,&quot;type&quot;:&quot;cta&quot;}}\" target=\"_blank\">Mon Actu<\/a>.<\/p>\n<p>                    <script async src=\"\/\/www.tiktok.com\/embed.js\"><\/script><\/p>\n","protected":false},"excerpt":{"rendered":"Par Adrien Filoche Publi\u00e9 le 5 nov. 2025 \u00e0 20h06 Des coups et des menaces de mort.\u00a0Fin octobre\u00a02025,&hellip;\n","protected":false},"author":2,"featured_media":514178,"comment_status":"","ping_status":"","sticky":false,"template":"","format":"standard","meta":{"footnotes":""},"categories":[9587],"tags":[1111,11,1777,674,1011,27,12,5161,1072,25,9590,104,9547],"class_list":{"0":"post-514177","1":"post","2":"type-post","3":"status-publish","4":"format-standard","5":"has-post-thumbnail","7":"category-rouen","8":"tag-actu","9":"tag-actualites","10":"tag-eu","11":"tag-europe","12":"tag-fr","13":"tag-france","14":"tag-news","15":"tag-normandie","16":"tag-police","17":"tag-republique-francaise","18":"tag-rouen","19":"tag-societe","20":"tag-violences-contre-les-elus"},"share_on_mastodon":{"url":"https:\/\/pubeurope.com\/@fr\/115498691188480685","error":""},"_links":{"self":[{"href":"https:\/\/www.europesays.com\/fr\/wp-json\/wp\/v2\/posts\/514177","targetHints":{"allow":["GET"]}}],"collection":[{"href":"https:\/\/www.europesays.com\/fr\/wp-json\/wp\/v2\/posts"}],"about":[{"href":"https:\/\/www.europesays.com\/fr\/wp-json\/wp\/v2\/types\/post"}],"author":[{"embeddable":true,"href":"https:\/\/www.europesays.com\/fr\/wp-json\/wp\/v2\/users\/2"}],"replies":[{"embeddable":true,"href":"https:\/\/www.europesays.com\/fr\/wp-json\/wp\/v2\/comments?post=514177"}],"version-history":[{"count":0,"href":"https:\/\/www.europesays.com\/fr\/wp-json\/wp\/v2\/posts\/514177\/revisions"}],"wp:featuredmedia":[{"embeddable":true,"href":"https:\/\/www.europesays.com\/fr\/wp-json\/wp\/v2\/media\/514178"}],"wp:attachment":[{"href":"https:\/\/www.europesays.com\/fr\/wp-json\/wp\/v2\/media?parent=514177"}],"wp:term":[{"taxonomy":"category","embeddable":true,"href":"https:\/\/www.europesays.com\/fr\/wp-json\/wp\/v2\/categories?post=514177"},{"taxonomy":"post_tag","embeddable":true,"href":"https:\/\/www.europesays.com\/fr\/wp-json\/wp\/v2\/tags?post=514177"}],"curies":[{"name":"wp","href":"https:\/\/api.w.org\/{rel}","templated":true}]}}