{"id":514179,"date":"2025-11-05T19:15:47","date_gmt":"2025-11-05T19:15:47","guid":{"rendered":"https:\/\/www.europesays.com\/fr\/514179\/"},"modified":"2025-11-05T19:15:47","modified_gmt":"2025-11-05T19:15:47","slug":"les-points-de-deal-resteront","status":"publish","type":"post","link":"https:\/\/www.europesays.com\/fr\/514179\/","title":{"rendered":"Les points de deal resteront"},"content":{"rendered":"<p>            Par<br \/>\n        <strong><br \/>\n            <a href=\"https:\/\/actu.fr\/auteur\/julien-sournies\" title=\"Consulter tous les articles de Julien Sournies\" target=\"_blank\" rel=\"noopener\">Julien Sournies<\/a><br \/>\n        <\/strong><\/p>\n<p>        Publi\u00e9 le<\/p>\n<p>            5 nov. 2025 \u00e0 17h16        <\/p>\n<p>\u00ab\u2009\u00c9viter l\u2019enr\u00f4lement des jeunes dans le trafic doit \u00eatre notre priorit\u00e9. Il faut casser ce mythe du gain de l\u2019argent facile en sensibilisant d\u00e8s le plus jeune \u00e2ge\u2009\u00bb, a fermement d\u00e9fendu Barbara Schuman, conseill\u00e8re municipale \u00e0 la mairie de <a href=\"https:\/\/actu.fr\/grenoble\/\" target=\"_blank\" rel=\"noopener\">Grenoble<\/a> (<a href=\"https:\/\/actu.fr\/auvergne-rhone-alpes\/isere_38\" target=\"_blank\" rel=\"noopener\">Is\u00e8re<\/a>). Lors du conseil municipal de ce lundi 3\u00a0novembre, les \u00e9lus grenoblois ont valid\u00e9 le lancement d\u2019un programme pour <strong>lutter contre le basculement des jeunes<\/strong> du quartier populaire de la <a href=\"https:\/\/actu.fr\/auvergne-rhone-alpes\/grenoble_38185\/grenoble-pourquoi-ce-lac-prise-par-les-habitants-a-ete-vide-en-pleine-canicule_62844269.html\" target=\"_blank\" rel=\"noopener\">Villeneuve<\/a> dans les trafics de stup\u00e9fiants.<br \/>Une initiative \u00ab\u2009louable\u2009\u00bb, mais qui ne r\u00e9soudra pas forc\u00e9ment les probl\u00e9matiques li\u00e9es \u00e0 l\u2019ins\u00e9curit\u00e9 dans le secteur, selon les dires de l\u2019opposition grenobloise.<\/p>\n<p>Quatre axes de travail majeurs<\/p>\n<p class=\" wall-content\">Dans le d\u00e9tail, la municipalit\u00e9, gr\u00e2ce \u00e0 un financement de la Mission interminist\u00e9rielle de lutte contre les drogues et les conduites addictives (Mildeca) \u00e0 hauteur de 250\u2009000\u00a0euros, va impl\u00e9menter un programme d\u2019actions sur <strong>trois ans<\/strong>, proposant des alternatives \u00e9ducatives, culturelles et professionnelles aux jeunes de<strong> 10 \u00e0 18\u00a0ans<\/strong> expos\u00e9s aux risques de basculement dans les trafics.<\/p>\n<p class=\" wall-content\">\u00c0 l\u2019instar de la r\u00e9cente proposition d\u2019<a href=\"https:\/\/actu.fr\/auvergne-rhone-alpes\/grenoble_38185\/insecurite-a-grenoble-lfi-dezingue-les-mesures-d-alain-carignon-des-gadgets-qui-ne-marchent-pas_63355186.html\" target=\"_blank\" rel=\"noopener\">Allan Brunon<\/a> (LFI), candidat \u00e0 la mairie grenobloise, l\u2019objectif est de construire un projet de<strong> politique locale<\/strong> ax\u00e9 sur la pr\u00e9vention, afin de limiter la participation des mineurs au trafic de stup\u00e9fiants.<\/p>\n<p>    <a href=\"https:\/\/www.google.com\/maps\/embed?pb=!1m18!1m12!1m3!1d16147.052351050252!2d5.706925192428895!3d45.161188959140745!2m3!1f0!2f0!3f0!3m2!1i1024!2i768!4f13.1!3m3!1m2!1s0x478af4c8be05517b%3A0xa3f9bc1e95c51c64!2sQuartier%20Villeneuve%20-%20Village-Olympique%2C%20Grenoble!5e1!3m2!1sfr!2sfr!4v1762357939590!5m2!1sfr!2sfr\" title=\"Ouvrie le lien\" target=\"_blank\" rel=\"noopener\">Cliquez ici pour visualiser le contenu<\/a><\/p>\n<p class=\" wall-content\">Pour ce faire, ce fameux programme s\u2019articulera autour de <strong>quatre axes de travail<\/strong>\u2009: diagnostic partag\u00e9 entre les diff\u00e9rents partenaires de la Villeneuve, strat\u00e9gies \u00e0 destination des mineurs et des familles, mobilisation et occupation du terrain.<\/p>\n<p class=\" wall-content\">\u00ab\u2009On aimerait beaucoup qu\u2019il soit possible de partager le bilan au bout d\u2019un an et tout le long du projet, car nous sommes convaincus que c\u2019est par ce type d\u2019action que l\u2019on pourra <strong>r\u00e9soudre la question du narcotrafic<\/strong>\u2009\u00bb, assure Barbara Schuman.<\/p>\n<p>La Mildeca, c&rsquo;est quoi ?<\/p>\n<p>La Mission interminist\u00e9rielle de lutte contre les drogues et les conduites addictives (Mildeca), rattach\u00e9e au Premier Ministre, initie et accompagne les projets port\u00e9s au plus pr\u00e8s des citoyens par des collectivit\u00e9s territoriales, en accordant des soutiens financiers et m\u00e9thodologiques.<\/p>\n<p>Sa mission est d\u2019animer et de coordonner l\u2019action du gouvernement en mati\u00e8re de lutte contre les drogues et les conduites addictives ainsi que de susciter et accompagner les projets port\u00e9s par le public ou le priv\u00e9.<\/p>\n<p>Votre r\u00e9gion, votre actu !<\/p>\n<p>Recevez chaque jour les infos qui comptent pour vous.<\/p>\n<p>\t<a href=\"https:\/\/actu.fr\/newsletter\" class=\"ac-btn ac-btn--corner ac-btn--medium ac-btn--blue800\" target=\"_blank\" rel=\"noopener\">S&rsquo;incrire<\/a><br \/>\n\u00ab\u2009Ce programme ne fera pas reculer le trafic\u2009\u00bb<\/p>\n<p class=\" wall-content\">Si ce programme a \u00e9t\u00e9 bien per\u00e7u par la majeure partie du conseil municipal, l\u2019opposition grenobloise ne se montre pas totalement convaincue. \u00ab\u2009Ce programme ne fera pas <strong>reculer le trafic<\/strong>. Il peut donner des rep\u00e8res \u00e9ducatifs, il peut redonner confiance \u00e0 certaines familles. Mais il ne fermera pas un seul point de deal, il ne lib\u00e8rera pas les halls, les parkings, les escaliers\u2026\u2009\u00bb, estime Emilie Chalas (LREM).<\/p>\n<blockquote class=\"ac-article-quote wall-content\">\n<p>Les jeunes tombent dans le trafic, car le r\u00e9seau est visible. Si la police municipale n&rsquo;est pas pr\u00e9sente, si la vid\u00e9osurveillance est insuffisante, alors la pr\u00e9vention restera sera un discours face \u00e0 une \u00e9conomie criminelle.<\/p>\n<p>    <strong>Emilie Chalas<\/strong><br \/>\n        Elue d&rsquo;opposition \u00e0 la mairie de Grenoble    <\/p><\/blockquote>\n<p class=\" wall-content\">Et celle-ci de conclure\u2009: \u00ab\u2009Ce que nous proposons, c\u2019est d\u2019aller plus loin sur les questions de s\u00e9curit\u00e9 avec une police municipale pr\u00e9sente de mani\u00e8re quotidienne. La pr\u00e9vention est n\u00e9cessaire, mais la protection, c\u2019est indispensable.\u2009\u00bb<\/p>\n<p class=\" wall-content\">Personnalisez votre actualit\u00e9 en ajoutant vos villes et m\u00e9dias en favori avec <a href=\"https:\/\/moncompte.actu.fr\" title=\"D\u00e9couvez Mon Actu\" rel=\"nofollow noopener\" data-trk=\"{&quot;cta&quot;:{&quot;action&quot;:&quot;https:\\\/\\\/moncompte.actu.fr&quot;,&quot;category&quot;:&quot;mon compte&quot;,&quot;from&quot;:&quot;article footer&quot;,&quot;name&quot;:&quot;Mon actu&quot;,&quot;type&quot;:&quot;cta&quot;}}\" target=\"_blank\">Mon Actu<\/a>.<\/p>\n","protected":false},"excerpt":{"rendered":"Par Julien Sournies Publi\u00e9 le 5 nov. 2025 \u00e0 17h16 \u00ab\u2009\u00c9viter l\u2019enr\u00f4lement des jeunes dans le trafic doit&hellip;\n","protected":false},"author":2,"featured_media":514180,"comment_status":"","ping_status":"","sticky":false,"template":"","format":"standard","meta":{"footnotes":""},"categories":[9566],"tags":[1111,11,2430,1052,1777,674,1011,27,2731,2825,813,12,25,104],"class_list":{"0":"post-514179","1":"post","2":"type-post","3":"status-publish","4":"format-standard","5":"has-post-thumbnail","7":"category-grenoble","8":"tag-actu","9":"tag-actualites","10":"tag-auvergne-rhone-alpes","11":"tag-drogue","12":"tag-eu","13":"tag-europe","14":"tag-fr","15":"tag-france","16":"tag-grenoble","17":"tag-insecurite","18":"tag-narcotrafiquants","19":"tag-news","20":"tag-republique-francaise","21":"tag-societe"},"share_on_mastodon":{"url":"https:\/\/pubeurope.com\/@fr\/115498698987869009","error":""},"_links":{"self":[{"href":"https:\/\/www.europesays.com\/fr\/wp-json\/wp\/v2\/posts\/514179","targetHints":{"allow":["GET"]}}],"collection":[{"href":"https:\/\/www.europesays.com\/fr\/wp-json\/wp\/v2\/posts"}],"about":[{"href":"https:\/\/www.europesays.com\/fr\/wp-json\/wp\/v2\/types\/post"}],"author":[{"embeddable":true,"href":"https:\/\/www.europesays.com\/fr\/wp-json\/wp\/v2\/users\/2"}],"replies":[{"embeddable":true,"href":"https:\/\/www.europesays.com\/fr\/wp-json\/wp\/v2\/comments?post=514179"}],"version-history":[{"count":0,"href":"https:\/\/www.europesays.com\/fr\/wp-json\/wp\/v2\/posts\/514179\/revisions"}],"wp:featuredmedia":[{"embeddable":true,"href":"https:\/\/www.europesays.com\/fr\/wp-json\/wp\/v2\/media\/514180"}],"wp:attachment":[{"href":"https:\/\/www.europesays.com\/fr\/wp-json\/wp\/v2\/media?parent=514179"}],"wp:term":[{"taxonomy":"category","embeddable":true,"href":"https:\/\/www.europesays.com\/fr\/wp-json\/wp\/v2\/categories?post=514179"},{"taxonomy":"post_tag","embeddable":true,"href":"https:\/\/www.europesays.com\/fr\/wp-json\/wp\/v2\/tags?post=514179"}],"curies":[{"name":"wp","href":"https:\/\/api.w.org\/{rel}","templated":true}]}}