{"id":514181,"date":"2025-11-05T19:17:18","date_gmt":"2025-11-05T19:17:18","guid":{"rendered":"https:\/\/www.europesays.com\/fr\/514181\/"},"modified":"2025-11-05T19:17:18","modified_gmt":"2025-11-05T19:17:18","slug":"derniers-jours-pour-les-preventes-de-forfaits-saison","status":"publish","type":"post","link":"https:\/\/www.europesays.com\/fr\/514181\/","title":{"rendered":"derniers jours pour les pr\u00e9ventes de forfaits saison"},"content":{"rendered":"<p>Les pr\u00e9ventes pour les forfaits de la saison hivernale du Domaine de Chamechaude sont encore ouvertes jusqu\u2019au 15\u00a0novembre. Le Domaine nordique de Chamechaude (secteurs Col de Porte, Sappey-en-Chartreuse et Saint-Hugues) g\u00e9r\u00e9 par Grenoble Alpes M\u00e9tropole en partenariat avec Saint-Pierre-de Chartreuse, ouvrira le samedi 29\u00a0novembre, si les conditions d\u2019enneigement le permettent. Les pr\u00e9ventes pour les forfaits saison proposent des tarifs pr\u00e9f\u00e9rentiels sur la p\u00e9riode.<\/p>\n<p>Le Pass Chartreuse donne acc\u00e8s tout l\u2019hiver aux sites nordiques du Domaine de Chamechaude (les trois sites), du D\u00e9sert d\u2019Entremont et de la Ruch\u00e8re au tarif de\u00a064\u00a0\u20ac pour les adultes au lieu de 74\u00a0\u20ac et de 18,50\u00a0\u20ac au lieu de 23\u00a0\u20ac pour les enfants.<\/p>\n<p>Le domaine est \u00e9galement accessible avec le pass d\u00e9partemental Is\u00e8re-Drome (tous les sites nordiques d\u00e9partementaux adh\u00e9rents) et le pass national (tous les sites nordiques fran\u00e7ais adh\u00e9rents).<\/p>\n<p>  Les \u00e9v\u00e9nements de la saison \u00e0 noter<\/p>\n<p>Quelques rendez-vous sont d\u2019ores et d\u00e9j\u00e0 annonc\u00e9s pour cette nouvelle saison dans le secteur du col de Porte.<\/p>\n<p>Dimanche 11\u00a0janvier une journ\u00e9e \u201cOsez le nordic\u201d avec des initiations et cours de ski de fond et de skating gratuits sur inscription\u00a0sera organis\u00e9e. Le samedi 17\u00a0janvier, ce sont des ateliers pr\u00e9vention montagne du D\u00e9partement (ateliers gratuits de sensibilisation aux bons gestes en montagne\/avalanche (gratuits sur inscription). Mercredi 21\u00a0janvier, le public est attendu pour l\u2019avant-derni\u00e8re \u00e9tape de la Grande Odyss\u00e9e Royal Canin. Enfin, le dimanche 1er \u00a0f\u00e9vrier pour la Coupe du Dauphin\u00e9 (course de ski de fond) et du 6 au 8\u00a0f\u00e9vrier avec la course nationale du Challenge national U15 (course de ski de fond).<\/p>\n<p class=\"note\">Renseignements sur <a href=\"https:\/\/www.domainedechamechaude.fr\" target=\"_blank\" rel=\"nofollow noopener\"> domainedechamechaude.fr<\/a>.<\/p>\n","protected":false},"excerpt":{"rendered":"Les pr\u00e9ventes pour les forfaits de la saison hivernale du Domaine de Chamechaude sont encore ouvertes jusqu\u2019au 15\u00a0novembre.&hellip;\n","protected":false},"author":2,"featured_media":514182,"comment_status":"","ping_status":"","sticky":false,"template":"","format":"standard","meta":{"footnotes":""},"categories":[9566],"tags":[1111,11,2430,7782,12773,1687,112,113,1777,674,1011,27,2731,2732,108,21293,5324,12,25],"class_list":{"0":"post-514181","1":"post","2":"type-post","3":"status-publish","4":"format-standard","5":"has-post-thumbnail","7":"category-grenoble","8":"tag-actu","9":"tag-actualites","10":"tag-auvergne-rhone-alpes","11":"tag-balades-et-randonnees","12":"tag-chartreuse","13":"tag-culture-loisirs","14":"tag-edition-grenoble-agglomeration","15":"tag-edition-gresivaudan-oisans","16":"tag-eu","17":"tag-europe","18":"tag-fr","19":"tag-france","20":"tag-grenoble","21":"tag-grenoble-bassin","22":"tag-isere","23":"tag-le-sappey-en-chartreuse","24":"tag-montagne","25":"tag-news","26":"tag-republique-francaise"},"share_on_mastodon":{"url":"https:\/\/pubeurope.com\/@fr\/115498703188867284","error":""},"_links":{"self":[{"href":"https:\/\/www.europesays.com\/fr\/wp-json\/wp\/v2\/posts\/514181","targetHints":{"allow":["GET"]}}],"collection":[{"href":"https:\/\/www.europesays.com\/fr\/wp-json\/wp\/v2\/posts"}],"about":[{"href":"https:\/\/www.europesays.com\/fr\/wp-json\/wp\/v2\/types\/post"}],"author":[{"embeddable":true,"href":"https:\/\/www.europesays.com\/fr\/wp-json\/wp\/v2\/users\/2"}],"replies":[{"embeddable":true,"href":"https:\/\/www.europesays.com\/fr\/wp-json\/wp\/v2\/comments?post=514181"}],"version-history":[{"count":0,"href":"https:\/\/www.europesays.com\/fr\/wp-json\/wp\/v2\/posts\/514181\/revisions"}],"wp:featuredmedia":[{"embeddable":true,"href":"https:\/\/www.europesays.com\/fr\/wp-json\/wp\/v2\/media\/514182"}],"wp:attachment":[{"href":"https:\/\/www.europesays.com\/fr\/wp-json\/wp\/v2\/media?parent=514181"}],"wp:term":[{"taxonomy":"category","embeddable":true,"href":"https:\/\/www.europesays.com\/fr\/wp-json\/wp\/v2\/categories?post=514181"},{"taxonomy":"post_tag","embeddable":true,"href":"https:\/\/www.europesays.com\/fr\/wp-json\/wp\/v2\/tags?post=514181"}],"curies":[{"name":"wp","href":"https:\/\/api.w.org\/{rel}","templated":true}]}}