{"id":514183,"date":"2025-11-05T19:18:22","date_gmt":"2025-11-05T19:18:22","guid":{"rendered":"https:\/\/www.europesays.com\/fr\/514183\/"},"modified":"2025-11-05T19:18:22","modified_gmt":"2025-11-05T19:18:22","slug":"la-5e-edition-de-la-nuit-du-cirque-brille-aussi-a-saint-jacques-de-la-lande","status":"publish","type":"post","link":"https:\/\/www.europesays.com\/fr\/514183\/","title":{"rendered":"La 5e \u00e9dition de La Nuit du cirque brille aussi \u00e0 Saint-Jacques-de-la-Lande"},"content":{"rendered":"<p>\u00a0La Nuit du cirque est le premier \u00e9v\u00e8nement de la saison 2025-2026 construit avec des structures partenaires. Elle marque le vrai lancement de la saison avec six rendez-vous spectacles programm\u00e9s dans le d\u00e9partement\u00a0 , souligne Olivier Daco, codirecteur d\u2019AY-ROOP.<\/p>\n<p> <strong>Lire aussi\u00a0:<\/strong> <a href=\"https:\/\/rennes.maville.com\/actu\/actudet_-pres-de-rennes-la-nuit-du-cirque-lance-la-nouvelle-saison-d-ay-roop-_52674-6532403_actu.Htm\" target=\"_blank\" rel=\"noopener\">Pr\u00e8s de Rennes, La Nuit du cirque lance la nouvelle saison d\u2019Ay-Roop<\/a> <\/p>\n<p>Le temps d\u2019un week-end, les publics vont d\u00e9couvrir un condens\u00e9 des diff\u00e9rentes propositions \u00e0 vivre toute l\u2019ann\u00e9e au Milieu, le camp de base de l\u2019association, et dans le d\u00e9partement. Tout commence par la 2e sortie de r\u00e9sidence de la saison.<\/p>\n<p>Pendant douze jours, la Cie Barks, celle-l\u00e0 m\u00eame qui avait fait vibrer le public avec le spectacle Moon lors du festival Temps Fort Cirque de la biennale du cirque contemporain en juin dernier, y a travaill\u00e9 Fondations, sa prochaine cr\u00e9ation.  \u00a0Elle a construit d\u2019\u00e9tonnantes structures sur lesquelles elle trace une fresque acrobatique et sensible questionnant notre rapport au poids, au temps et \u00e0 l\u2019\u00e9quilibre\u00a0 , r\u00e9sume-t-il.<\/p>\n<p>\u00ab\u00a0Un moment chaleureux et d\u00e9cal\u00e9\u00a0\u00bb<\/p>\n<p>Le lendemain, l\u2019atelier adultes et enfants permettra d\u2019en savoir plus. Il sera anim\u00e9 par Bastien Dausse, un des artistes de la compagnie. Il partagera ses secrets de cr\u00e9ation \u00e0 travers des jeux acrobatiques et des installations surprenantes. La soir\u00e9e pr\u00e9vue \u00e0 l\u2019issue devrait aussi faire tourner les t\u00eates. Le sommelier conteur Yohann Gauthier et le magicien virtuose Christophe Boisselier reviennent au Milieu pour une soir\u00e9e Magic Glouglou, un spectacle inclassable offrant une exp\u00e9rience sensorielle entre illusions et d\u00e9gustations.  \u00a0C\u2019est un moment chaleureux et d\u00e9cal\u00e9 au coin de la chemin\u00e9e o\u00f9 l\u2019on savoure autant le myst\u00e8re de la disparition des bouteilles que le mill\u00e9sime dans le verre\u00a0 , conclut le codirecteur.<\/p>\n<p>Vendredi 14\u00a0novembre, 18\u00a0h\u00a030\u00a0: sortie de r\u00e9sidence Cie Barks (d\u00e8s 6\u00a0ans). Gratuit. Samedi 15\u00a0novembre, 11\u00a0h\u00a0: atelier adultes et enfants (d\u00e8s 6\u00a0ans) avec la Cie Barks. Tarif\u00a0: 5\u00a0\u20ac ou 2,50\u00a0\u20ac (carte Sortir\u00a0!). Samedi 15\u00a0novembre, 20\u00a0h\u00a0: Magic Glouglou (d\u00e8s 8\u00a0ans). Tarif\u00a0: 20\u00a0\u20ac (d\u00e9gustation comprise). Le tout au Milieu, rue du Haut Bois. R\u00e9servation\u00a0: ay-roop.com<\/p>\n<p>\u00a0<\/p>\n","protected":false},"excerpt":{"rendered":"\u00a0La Nuit du cirque est le premier \u00e9v\u00e8nement de la saison 2025-2026 construit avec des structures partenaires. Elle&hellip;\n","protected":false},"author":2,"featured_media":514184,"comment_status":"","ping_status":"","sticky":false,"template":"","format":"standard","meta":{"footnotes":""},"categories":[2821],"tags":[26517,1111,11,829,19042,5398,4660,1777,674,1011,27,12,293,3086,584,25,18461],"class_list":{"0":"post-514183","1":"post","2":"type-post","3":"status-publish","4":"format-standard","5":"has-post-thumbnail","7":"category-rennes","8":"tag-5e","9":"tag-actu","10":"tag-actualites","11":"tag-bretagne","12":"tag-brille","13":"tag-cirque","14":"tag-edition","15":"tag-eu","16":"tag-europe","17":"tag-fr","18":"tag-france","19":"tag-news","20":"tag-nuit","21":"tag-redon","22":"tag-rennes","23":"tag-republique-francaise","24":"tag-saint-jacques-de-la-lande"},"share_on_mastodon":{"url":"https:\/\/pubeurope.com\/@fr\/115498706848765402","error":""},"_links":{"self":[{"href":"https:\/\/www.europesays.com\/fr\/wp-json\/wp\/v2\/posts\/514183","targetHints":{"allow":["GET"]}}],"collection":[{"href":"https:\/\/www.europesays.com\/fr\/wp-json\/wp\/v2\/posts"}],"about":[{"href":"https:\/\/www.europesays.com\/fr\/wp-json\/wp\/v2\/types\/post"}],"author":[{"embeddable":true,"href":"https:\/\/www.europesays.com\/fr\/wp-json\/wp\/v2\/users\/2"}],"replies":[{"embeddable":true,"href":"https:\/\/www.europesays.com\/fr\/wp-json\/wp\/v2\/comments?post=514183"}],"version-history":[{"count":0,"href":"https:\/\/www.europesays.com\/fr\/wp-json\/wp\/v2\/posts\/514183\/revisions"}],"wp:featuredmedia":[{"embeddable":true,"href":"https:\/\/www.europesays.com\/fr\/wp-json\/wp\/v2\/media\/514184"}],"wp:attachment":[{"href":"https:\/\/www.europesays.com\/fr\/wp-json\/wp\/v2\/media?parent=514183"}],"wp:term":[{"taxonomy":"category","embeddable":true,"href":"https:\/\/www.europesays.com\/fr\/wp-json\/wp\/v2\/categories?post=514183"},{"taxonomy":"post_tag","embeddable":true,"href":"https:\/\/www.europesays.com\/fr\/wp-json\/wp\/v2\/tags?post=514183"}],"curies":[{"name":"wp","href":"https:\/\/api.w.org\/{rel}","templated":true}]}}