{"id":514207,"date":"2025-11-05T19:30:19","date_gmt":"2025-11-05T19:30:19","guid":{"rendered":"https:\/\/www.europesays.com\/fr\/514207\/"},"modified":"2025-11-05T19:30:19","modified_gmt":"2025-11-05T19:30:19","slug":"hauts-de-france-un-nouveau-vehicule-pour-des-clowns","status":"publish","type":"post","link":"https:\/\/www.europesays.com\/fr\/514207\/","title":{"rendered":"Hauts-de-France\u00a0: un nouveau v\u00e9hicule pour &#8230; des clowns"},"content":{"rendered":"\n<p style=\"margin-bottom: 0cm;\">Mais pas n&rsquo;importe lesquels. La R\u00e9gion Hauts-de-France remettra ce jeudi 6 novembre un v\u00e9hicule neuf \u00e0 l\u2019association Les Clowns de l\u2019Espoir, qui intervient depuis pr\u00e8s de 30 ans aupr\u00e8s des enfants hospitalis\u00e9s. La c\u00e9r\u00e9monie aura lieu \u00e0 Lille avec Anne Pinon, vice-pr\u00e9sidente r\u00e9gionale en charge de la sant\u00e9 (et des formations sanitaires et sociales). Ce don permettra \u00e0 l\u2019association, qui rend visite chaque ann\u00e9e \u00e0 pr\u00e8s de 18.000 enfants dans les h\u00f4pitaux de la r\u00e9gion, de remplacer un v\u00e9hicule v\u00e9tuste. De quoi apporter du r\u00e9confort aux jeunes patients.<\/p>\n<p lang=\"fr-FR\" style=\"margin-bottom: 0cm; font-style: normal; font-weight: normal;\">\u00a0<\/p>\n<p lang=\"fr-FR\" style=\"margin-bottom: 0cm; font-style: normal; font-weight: normal;\">\u00a0<\/p>\n<p lang=\"fr-FR\" style=\"margin-bottom: 0cm; font-weight: normal;\">Nicolas Chacun<\/p>\n<p>!function(f,b,e,v,n,t,s){if(f.fbq)return;n=f.fbq=function(){n.callMethod?<br \/>\nn.callMethod.apply(n,arguments):n.queue.push(arguments)};if(!f._fbq)f._fbq=n;<br \/>\nn.push=n;n.loaded=!0;n.version=&rsquo;2.0&prime;;n.queue=[];t=b.createElement(e);t.async=!0;<br \/>\nt.src=v;s=b.getElementsByTagName(e)[0];s.parentNode.insertBefore(t,s)}(window,<br \/>\ndocument,&rsquo;script&rsquo;,&rsquo;https:\/\/connect.facebook.net\/en_US\/fbevents.js&rsquo;);<br \/>\nfbq(&lsquo;init&rsquo;, &lsquo;278974969201861&rsquo;); \/\/ Insert your pixel ID here.<br \/>\nfbq(&lsquo;track&rsquo;, &lsquo;PageView&rsquo;);<\/p>\n","protected":false},"excerpt":{"rendered":"Mais pas n&rsquo;importe lesquels. La R\u00e9gion Hauts-de-France remettra ce jeudi 6 novembre un v\u00e9hicule neuf \u00e0 l\u2019association Les&hellip;\n","protected":false},"author":2,"featured_media":514208,"comment_status":"","ping_status":"","sticky":false,"template":"","format":"standard","meta":{"footnotes":""},"categories":[2815],"tags":[1111,11,1933,1936,1777,1939,674,1011,27,811,1934,1307,12,1940,1935,25,1937,1941,1938],"class_list":{"0":"post-514207","1":"post","2":"type-post","3":"status-publish","4":"format-standard","5":"has-post-thumbnail","7":"category-lille","8":"tag-actu","9":"tag-actualites","10":"tag-actualites-locales","11":"tag-essonne","12":"tag-eu","13":"tag-eure-et-loir","14":"tag-europe","15":"tag-fr","16":"tag-france","17":"tag-hauts-de-france","18":"tag-infos-locales","19":"tag-lille","20":"tag-news","21":"tag-oise","22":"tag-pres-de-chez-vous","23":"tag-republique-francaise","24":"tag-seine-et-marne","25":"tag-somme","26":"tag-yvelines"},"share_on_mastodon":{"url":"https:\/\/pubeurope.com\/@fr\/115498754037008412","error":""},"_links":{"self":[{"href":"https:\/\/www.europesays.com\/fr\/wp-json\/wp\/v2\/posts\/514207","targetHints":{"allow":["GET"]}}],"collection":[{"href":"https:\/\/www.europesays.com\/fr\/wp-json\/wp\/v2\/posts"}],"about":[{"href":"https:\/\/www.europesays.com\/fr\/wp-json\/wp\/v2\/types\/post"}],"author":[{"embeddable":true,"href":"https:\/\/www.europesays.com\/fr\/wp-json\/wp\/v2\/users\/2"}],"replies":[{"embeddable":true,"href":"https:\/\/www.europesays.com\/fr\/wp-json\/wp\/v2\/comments?post=514207"}],"version-history":[{"count":0,"href":"https:\/\/www.europesays.com\/fr\/wp-json\/wp\/v2\/posts\/514207\/revisions"}],"wp:featuredmedia":[{"embeddable":true,"href":"https:\/\/www.europesays.com\/fr\/wp-json\/wp\/v2\/media\/514208"}],"wp:attachment":[{"href":"https:\/\/www.europesays.com\/fr\/wp-json\/wp\/v2\/media?parent=514207"}],"wp:term":[{"taxonomy":"category","embeddable":true,"href":"https:\/\/www.europesays.com\/fr\/wp-json\/wp\/v2\/categories?post=514207"},{"taxonomy":"post_tag","embeddable":true,"href":"https:\/\/www.europesays.com\/fr\/wp-json\/wp\/v2\/tags?post=514207"}],"curies":[{"name":"wp","href":"https:\/\/api.w.org\/{rel}","templated":true}]}}