{"id":514209,"date":"2025-11-05T19:31:14","date_gmt":"2025-11-05T19:31:14","guid":{"rendered":"https:\/\/www.europesays.com\/fr\/514209\/"},"modified":"2025-11-05T19:31:14","modified_gmt":"2025-11-05T19:31:14","slug":"lyon-veut-garder-le-rythme-lille-se-relancer","status":"publish","type":"post","link":"https:\/\/www.europesays.com\/fr\/514209\/","title":{"rendered":"Lyon veut garder le rythme, Lille se relancer"},"content":{"rendered":"<p>Lyon va tenter, ce jeudi sur le terrain du Betis S\u00e9ville, de poursuivre son sans-faute europ\u00e9en lors de la quatri\u00e8me journ\u00e9e de Ligue Europa. Les Lyonnais, qui ont remport\u00e9 difficilement leur troisi\u00e8me victoire en autant de journ\u00e9es contre le FC B\u00e2le (2-0), partagent la t\u00eate du classement de la phase de ligue \u00e0 \u00e9galit\u00e9 de points (9) avec Braga et Midtjylland.<\/p>\n<p>Toujours aussi herm\u00e9tique en d\u00e9fense en Ligue Europa, o\u00f9 il n\u2019a encaiss\u00e9 aucun but, le club rhodanien a baiss\u00e9 de rythme en championnat et conc\u00e9d\u00e9 deux nuls cons\u00e9cutifs, face au Paris FC (3-3) et \u00e0 Brest (0-0).<\/p>\n<p>Surtout, l\u2019OL se pr\u00e9pare \u00e0 la r\u00e9ception du Paris Saint-Germain au Groupama Stadium, dimanche, et pourrait \u00eatre tent\u00e9 de faire tourner son effectif en Andalousie. Il devra de toute fa\u00e7on se passer de son capitaine Corentin Tolisso, forfait.<\/p>\n<p>\u00c0 mi-parcours de cette phase initiale, le Real Betis, 16e\u00a0avec 5 points, se verrait bien briser l\u2019invincibilit\u00e9 d\u00e9fensive des Lyonnais, mais les Espagnols restent, eux, sur un\u00a0match nul et vierge \u00e0 Genk.<\/p>\n<p>Lille sous surveillance<\/p>\n<p>Bien lanc\u00e9s par leurs succ\u00e8s contre le SK Brann (2-1) et l\u2019AS Rome (0-1), les joueurs du Losc ont quant \u00e0 eux but\u00e9 sur le PAOK Salonique, battus (4-3) \u00e0 domicile lors de la pr\u00e9c\u00e9dente journ\u00e9e.<\/p>\n<p>Apr\u00e8s avoir retrouv\u00e9 la victoire en Ligue\u00a01 contre Angers dimanche, les Lillois (11e, 6 points) cherchent \u00e0 se relancer en Ligue Europa \u00e0 Belgrade face \u00e0 un adversaire en difficult\u00e9 (un nul, deux d\u00e9faites) qui croupit \u00e0 la trenti\u00e8me place.<\/p>\n<p>Au-del\u00e0 des enjeux sportifs, le pr\u00e9sident lillois Olivier L\u00e9tang fera l\u2019objet d\u2019une surveillance particuli\u00e8re apr\u00e8s avoir apostroph\u00e9 l\u2019arbitre mont\u00e9n\u00e9grin Nikola Dabanovic dans le couloir des vestiaires, \u00e0 la mi-temps du match contre le PAOK.<\/p>\n<p>Le pr\u00e9sident de l\u2019OGC Nice, Fabrice Boquet, n\u2019a, lui, pas de soucis de discipline. Mais il aimerait bien que son \u00e9quipe gagne enfin un match de coupe d\u2019Europe apr\u00e8s 15 rencontres sans victoire.<\/p>\n<p>Seulement 33e\u00a0de la poule unique, les Aiglons re\u00e7oivent les Allemands de Fribourg (6e), une \u00e9quipe qui a remport\u00e9 deux victoires et un nul dans la comp\u00e9tition cette saison.<\/p>\n<p>Ligue Conf\u00e9rence\u00a0: Strasbourg en sursis<\/p>\n<p>En Ligue Conf\u00e9rence, Strasbourg \u2013 \u00e9trill\u00e9 par Rennes dimanche dernier (4-1) \u2013 affronte jeudi les Su\u00e9dois du BK H\u00e4cken pour la troisi\u00e8me journ\u00e9e. D\u00e9cevant 10e\u00a0de la premi\u00e8re division su\u00e9doise, \u00e0 une journ\u00e9e du terme de la saison, le BK H\u00e4cken court encore derri\u00e8re une premi\u00e8re victoire en Europe cette saison, tandis que les Alsaciens, vainqueurs du Slovan Bratislava (1-2) mais neutralis\u00e9s par les Polonais de Jagiellonia (1-1), veulent engranger des points, eux qui figurent parmi les favoris de la comp\u00e9tition.<\/p>\n","protected":false},"excerpt":{"rendered":"Lyon va tenter, ce jeudi sur le terrain du Betis S\u00e9ville, de poursuivre son sans-faute europ\u00e9en lors de&hellip;\n","protected":false},"author":2,"featured_media":514210,"comment_status":"","ping_status":"","sticky":false,"template":"","format":"standard","meta":{"footnotes":""},"categories":[2815],"tags":[1111,11,1777,674,63,1011,27,811,5843,1307,74,12,25,60],"class_list":{"0":"post-514209","1":"post","2":"type-post","3":"status-publish","4":"format-standard","5":"has-post-thumbnail","7":"category-lille","8":"tag-actu","9":"tag-actualites","10":"tag-eu","11":"tag-europe","12":"tag-football","13":"tag-fr","14":"tag-france","15":"tag-hauts-de-france","16":"tag-ligue-europa","17":"tag-lille","18":"tag-monde","19":"tag-news","20":"tag-republique-francaise","21":"tag-sports"},"share_on_mastodon":{"url":"https:\/\/pubeurope.com\/@fr\/115498757908681151","error":""},"_links":{"self":[{"href":"https:\/\/www.europesays.com\/fr\/wp-json\/wp\/v2\/posts\/514209","targetHints":{"allow":["GET"]}}],"collection":[{"href":"https:\/\/www.europesays.com\/fr\/wp-json\/wp\/v2\/posts"}],"about":[{"href":"https:\/\/www.europesays.com\/fr\/wp-json\/wp\/v2\/types\/post"}],"author":[{"embeddable":true,"href":"https:\/\/www.europesays.com\/fr\/wp-json\/wp\/v2\/users\/2"}],"replies":[{"embeddable":true,"href":"https:\/\/www.europesays.com\/fr\/wp-json\/wp\/v2\/comments?post=514209"}],"version-history":[{"count":0,"href":"https:\/\/www.europesays.com\/fr\/wp-json\/wp\/v2\/posts\/514209\/revisions"}],"wp:featuredmedia":[{"embeddable":true,"href":"https:\/\/www.europesays.com\/fr\/wp-json\/wp\/v2\/media\/514210"}],"wp:attachment":[{"href":"https:\/\/www.europesays.com\/fr\/wp-json\/wp\/v2\/media?parent=514209"}],"wp:term":[{"taxonomy":"category","embeddable":true,"href":"https:\/\/www.europesays.com\/fr\/wp-json\/wp\/v2\/categories?post=514209"},{"taxonomy":"post_tag","embeddable":true,"href":"https:\/\/www.europesays.com\/fr\/wp-json\/wp\/v2\/tags?post=514209"}],"curies":[{"name":"wp","href":"https:\/\/api.w.org\/{rel}","templated":true}]}}