{"id":514215,"date":"2025-11-05T19:34:13","date_gmt":"2025-11-05T19:34:13","guid":{"rendered":"https:\/\/www.europesays.com\/fr\/514215\/"},"modified":"2025-11-05T19:34:13","modified_gmt":"2025-11-05T19:34:13","slug":"lyon-7e-des-logements-sociaux-renoves-pour-consommer-deux-fois-moins-denergie","status":"publish","type":"post","link":"https:\/\/www.europesays.com\/fr\/514215\/","title":{"rendered":"Lyon 7e. Des logements sociaux r\u00e9nov\u00e9s pour consommer deux fois moins d\u2019\u00e9nergie"},"content":{"rendered":"<p>\u00ab\u00a0Mes proches m\u2019ont dit que l\u2019immeuble \u00e9tait m\u00e9connaissable\u00a0\u00bb, raconte Claudette, locataire d\u2019un appartement dans la r\u00e9sidence des Fr\u00e8res-Doublier. Cette r\u00e9sidence de 79 logements sociaux, datant de plus de quarante ans, n\u2019avait jamais \u00e9t\u00e9 r\u00e9nov\u00e9e depuis sa construction. Les habitants ont pu rencontrer les \u00e9lus et les acteurs des travaux lundi 3\u00a0novembre pour c\u00e9l\u00e9brer la r\u00e9novation de leur immeuble.<\/p>\n<p>La r\u00e9habilitation, commenc\u00e9e en avril\u00a02023, s\u2019est achev\u00e9e&#8230;<\/p>\n","protected":false},"excerpt":{"rendered":"\u00ab\u00a0Mes proches m\u2019ont dit que l\u2019immeuble \u00e9tait m\u00e9connaissable\u00a0\u00bb, raconte Claudette, locataire d\u2019un appartement dans la r\u00e9sidence des Fr\u00e8res-Doublier.&hellip;\n","protected":false},"author":2,"featured_media":514216,"comment_status":"","ping_status":"","sticky":false,"template":"","format":"standard","meta":{"footnotes":""},"categories":[1889],"tags":[1111,11,2430,2757,1777,674,1011,27,2428,5947,5946,12,25,801],"class_list":{"0":"post-514215","1":"post","2":"type-post","3":"status-publish","4":"format-standard","5":"has-post-thumbnail","7":"category-lyon","8":"tag-actu","9":"tag-actualites","10":"tag-auvergne-rhone-alpes","11":"tag-edition-lyon-villeurbanne","12":"tag-eu","13":"tag-europe","14":"tag-fr","15":"tag-france","16":"tag-lyon","17":"tag-lyon-7e","18":"tag-lyon-7e-arrondissement","19":"tag-news","20":"tag-republique-francaise","21":"tag-social"},"share_on_mastodon":{"url":"https:\/\/pubeurope.com\/@fr\/115498769837634359","error":""},"_links":{"self":[{"href":"https:\/\/www.europesays.com\/fr\/wp-json\/wp\/v2\/posts\/514215","targetHints":{"allow":["GET"]}}],"collection":[{"href":"https:\/\/www.europesays.com\/fr\/wp-json\/wp\/v2\/posts"}],"about":[{"href":"https:\/\/www.europesays.com\/fr\/wp-json\/wp\/v2\/types\/post"}],"author":[{"embeddable":true,"href":"https:\/\/www.europesays.com\/fr\/wp-json\/wp\/v2\/users\/2"}],"replies":[{"embeddable":true,"href":"https:\/\/www.europesays.com\/fr\/wp-json\/wp\/v2\/comments?post=514215"}],"version-history":[{"count":0,"href":"https:\/\/www.europesays.com\/fr\/wp-json\/wp\/v2\/posts\/514215\/revisions"}],"wp:featuredmedia":[{"embeddable":true,"href":"https:\/\/www.europesays.com\/fr\/wp-json\/wp\/v2\/media\/514216"}],"wp:attachment":[{"href":"https:\/\/www.europesays.com\/fr\/wp-json\/wp\/v2\/media?parent=514215"}],"wp:term":[{"taxonomy":"category","embeddable":true,"href":"https:\/\/www.europesays.com\/fr\/wp-json\/wp\/v2\/categories?post=514215"},{"taxonomy":"post_tag","embeddable":true,"href":"https:\/\/www.europesays.com\/fr\/wp-json\/wp\/v2\/tags?post=514215"}],"curies":[{"name":"wp","href":"https:\/\/api.w.org\/{rel}","templated":true}]}}