{"id":514233,"date":"2025-11-05T19:44:14","date_gmt":"2025-11-05T19:44:14","guid":{"rendered":"https:\/\/www.europesays.com\/fr\/514233\/"},"modified":"2025-11-05T19:44:14","modified_gmt":"2025-11-05T19:44:14","slug":"ukraine-montenegro-albanie-ces-nouveaux-pays-que-lue-pourrait-accueillir-dici-2030-lexpress","status":"publish","type":"post","link":"https:\/\/www.europesays.com\/fr\/514233\/","title":{"rendered":"Ukraine, Mont\u00e9n\u00e9gro, Albanie\u2026 Ces nouveaux pays que l\u2019UE pourrait accueillir d\u2019ici 2030 \u2013 L&rsquo;Express"},"content":{"rendered":"<p class=\"paragraph article-body-paragraph article__item   article-body-paragraph--first \">Face \u00e0 la menace russe de plus en plus pr\u00e9gnante, l\u2019Union europ\u00e9enne prend de moins en moins de pincettes. Dans le rapport annuel de la Commission sur l\u2019\u00e9largissement de l\u2019Union, ce mardi 4 novembre, ses d\u00e9clarations quant \u00e0 l\u2019<a href=\"https:\/\/www.lexpress.fr\/monde\/europe\/elargissement-de-lue-avec-lukraine-qui-sont-les-huit-autres-pays-candidats-O5YVHJEVPVCVVPNOPT3KXTMJEE\/\" target=\"_self\" rel=\"nofollow noopener\" title=\"https:\/\/www.lexpress.fr\/monde\/europe\/elargissement-de-lue-avec-lukraine-qui-sont-les-huit-autres-pays-candidats-O5YVHJEVPVCVVPNOPT3KXTMJEE\/\">int\u00e9gration<\/a> de plusieurs nations aux 27 d\u2019ici \u00e0 2030 sont plus directes.<\/p>\n<p class=\"paragraph article-body-paragraph article__item   \">\u00ab\u00a0L\u2019invasion \u00e0 grande \u00e9chelle de la <a href=\"https:\/\/www.lexpress.fr\/idees-et-debats\/je-nai-pas-realise-que-cetait-poutine-qui-membrassait-les-confidences-de-lex-cheffe-du-bureau-de-cnn-HTWWOKA2WRH5TG2LIAHFRP6Z6Y\/\" target=\"_self\" rel=\"nofollow noopener\" title=\"https:\/\/www.lexpress.fr\/idees-et-debats\/je-nai-pas-realise-que-cetait-poutine-qui-membrassait-les-confidences-de-lex-cheffe-du-bureau-de-cnn-HTWWOKA2WRH5TG2LIAHFRP6Z6Y\/\">Russie<\/a> en <a href=\"https:\/\/www.lexpress.fr\/monde\/europe\/l-ukraine-hesite-entre-est-et-ouest_1302698.html\" target=\"_self\" rel=\"nofollow noopener\" title=\"https:\/\/www.lexpress.fr\/monde\/europe\/l-ukraine-hesite-entre-est-et-ouest_1302698.html\">Ukraine<\/a> et les changements g\u00e9opolitiques font un \u00e9cho tr\u00e8s clair en un \u00e9largissement\u00a0\u00bb, a d\u00e9clar\u00e9 la cheffe de la politique \u00e9trang\u00e8re <a href=\"https:\/\/www.lexpress.fr\/monde\/europe\/kaja-kallas-la-russie-de-poutine-se-construit-une-impitoyable-machine-de-guerre-D3ZX5Q2UPRBCRP37GNH6P4CN5I\/\" target=\"_self\" rel=\"nofollow noopener\" title=\"https:\/\/www.lexpress.fr\/monde\/europe\/kaja-kallas-la-russie-de-poutine-se-construit-une-impitoyable-machine-de-guerre-D3ZX5Q2UPRBCRP37GNH6P4CN5I\/\">Kaja Kallas<\/a> aux journalistes. \u00ab\u00a0C\u2019est une n\u00e9cessit\u00e9 si nous voulons \u00eatre un jour plus fort sur la sc\u00e8ne mondiale\u00a0\u00bb. Et d\u2019ajouter que : \u00ab\u00a0l\u2019adh\u00e9sion de nouveaux pays \u00e0 l\u2019Union europ\u00e9enne d\u2019ici 2030 est un objectif r\u00e9aliste\u00a0\u00bb.<\/p>\n<p>L\u2019Ukraine et la Moldavie en bonne voie<\/p>\n<p class=\"paragraph article-body-paragraph article__item   \">Kaja Kallas, ancienne Premi\u00e8re ministre estonienne, a \u00e9galement d\u00e9clar\u00e9 que l\u2019adh\u00e9sion \u00e0 l\u2019UE pourrait \u00eatre une \u00ab\u00a0garantie de s\u00e9curit\u00e9 majeure\u00a0\u00bb pour l\u2019<a href=\"https:\/\/www.lexpress.fr\/monde\/europe\/l-ukraine-hesite-entre-est-et-ouest_1302698.html\" target=\"_self\" rel=\"nofollow noopener\" title=\"https:\/\/www.lexpress.fr\/monde\/europe\/l-ukraine-hesite-entre-est-et-ouest_1302698.html\">Ukraine<\/a> et qu\u2019aucun pays candidat n\u2019avait jamais mis en \u0153uvre des r\u00e9formes aussi radicales pendant la guerre. \u00ab\u00a0Il sera essentiel de maintenir cet \u00e9lan et de pr\u00e9venir tout risque de retour en arri\u00e8re, notamment en mati\u00e8re de lutte contre la corruption\u00a0\u00bb, a toutefois pr\u00e9cis\u00e9 Marta Kos, la commissaire \u00e0 l\u2019\u00e9largissement de l\u2019UE. Pr\u00e9sent en Belgique lors de l\u2019\u00e9v\u00e9nement, le pr\u00e9sident ukrainien, <a href=\"https:\/\/www.lexpress.fr\/monde\/europe\/zelensky-represente-aujourdhui-lanti-munich-le-spectre-de-la-lachete-europeenne-sur-lukraine-KK6NIVVFQBBOHIEMMKWMWKXUJU\/\" target=\"_self\" rel=\"nofollow noopener\" title=\"https:\/\/www.lexpress.fr\/monde\/europe\/zelensky-represente-aujourdhui-lanti-munich-le-spectre-de-la-lachete-europeenne-sur-lukraine-KK6NIVVFQBBOHIEMMKWMWKXUJU\/\">Volodymyr Zelensky<\/a>, a renouvel\u00e9 son souhait que l\u2019Ukraine rejoigne l\u2019UE avant 2030. Mais pour l\u2019heure le processus de n\u00e9gociation de l\u2019Ukraine est actuellement bloqu\u00e9 par un veto hongrois. Budapest, hostile \u00e0 l\u2019adh\u00e9sion de l\u2019Ukraine, emp\u00eache l\u2019ouverture des \u00ab\u00a0clusters\u00a0\u00bb o\u00f9 l\u2019on aligne les l\u00e9gislations, rappelle <a href=\"https:\/\/www.lesechos.fr\/monde\/europe\/elargissement-de-lue-bruxelles-distribue-les-bons-et-mauvais-points-aux-pays-candidats-2196643\" target=\"_self\" rel=\"nofollow noopener\" title=\"https:\/\/www.lesechos.fr\/monde\/europe\/elargissement-de-lue-bruxelles-distribue-les-bons-et-mauvais-points-aux-pays-candidats-2196643\">Les Echos<\/a>. Or l\u2019\u00e9largissement de l\u2019UE n\u00e9cessite l\u2019unanimit\u00e9 des 27 Etats membres existants.<\/p>\n<p><strong class=\"article-body-link-list__item text-gray-800 article-body-link-list__item--one-item\">LIRE AUSSI : <a class=\"article-body-link-list__item-link\" href=\"https:\/\/www.lexpress.fr\/monde\/europe\/une-mini-otan-quand-le-grand-nord-fait-bloc-contre-la-russie-ZWZYX3YTJZGFLLDDDMZAI3VSFU\/\" rel=\"nofollow noopener\" target=\"_blank\">Une \u00ab\u00a0mini-Otan\u00a0\u00bb : quand le Grand Nord fait bloc contre la Russie<\/a><\/strong><\/p>\n<p class=\"paragraph article-body-paragraph article__item   \">En outre, les responsables europ\u00e9ens ont \u00e9galement fait l\u2019\u00e9loge de la <a href=\"https:\/\/www.lexpress.fr\/monde\/europe\/legislatives-en-moldavie-le-parti-pro-europeen-de-maia-sandu-largement-en-tete-HQOOYDG4UNBK5PQ2OHKDAFKXJ4\/\" target=\"_self\" rel=\"nofollow noopener\" title=\"https:\/\/www.lexpress.fr\/monde\/europe\/legislatives-en-moldavie-le-parti-pro-europeen-de-maia-sandu-largement-en-tete-HQOOYDG4UNBK5PQ2OHKDAFKXJ4\/\">Moldavie<\/a>, rapporte <a href=\"https:\/\/www.theguardian.com\/world\/2025\/nov\/04\/case-for-eu-enlargement-very-clear-cut-says-its-foreign-policy-chief\" target=\"_self\" rel=\"nofollow noopener\" title=\"https:\/\/www.theguardian.com\/world\/2025\/nov\/04\/case-for-eu-enlargement-very-clear-cut-says-its-foreign-policy-chief\">The Guardian<\/a>, dont le gouvernement a accus\u00e9 la Russie de monter une campagne sans pr\u00e9c\u00e9dent pour inciter les \u00e9lecteurs par le biais de financements illicites des partis, d\u2019achats de votes et de campagnes de propagande. La commissaire \u00e0 l\u2019\u00e9largissement de l\u2019UE, Marta Kos, a d\u00e9clar\u00e9 que la Moldavie, qui compte 2,4 millions d\u2019habitants, avait fait les plus grands progr\u00e8s de tous les pays en un an, \u00ab\u00a0malgr\u00e9 les menaces hybrides continues et les tentatives de d\u00e9stabilisation du pays sur son cours de l\u2019UE\u00a0\u00bb. Devant l\u2019Ukraine, le Mont\u00e9n\u00e9gro et l\u2019Albanie sont n\u00e9anmoins les deux pays les plus avanc\u00e9s et favoris dans le processus d\u2019adh\u00e9sion.<\/p>\n<p>La Serbie et la G\u00e9orgie en recul au classement<\/p>\n<p class=\"paragraph article-body-paragraph article__item   \">Les responsables de l\u2019Union europ\u00e9enne ont par ailleurs d\u00e9clar\u00e9 que les perspectives \u00e9taient mitig\u00e9es pour la Serbie, dont le pr\u00e9sident autoritaire, Aleksandar Vu\u010di\u0107, a fait face \u00e0 une ann\u00e9e de manifestations de masse contre la corruption. Des manifestations en partie d\u00e9clench\u00e9es par <a href=\"https:\/\/www.lexpress.fr\/monde\/serbie-un-an-apres-la-tragedie-de-la-gare-des-milliers-de-personnes-convergent-vers-novi-sad-LHCSHLKRMREO3OFYSOSDQRCMCE\/\" target=\"_self\" rel=\"nofollow noopener\" title=\"https:\/\/www.lexpress.fr\/monde\/serbie-un-an-apres-la-tragedie-de-la-gare-des-milliers-de-personnes-convergent-vers-novi-sad-LHCSHLKRMREO3OFYSOSDQRCMCE\/\">la catastrophe de la gare de Novi Sad<\/a>, au cours de laquelle un auvent de toit s\u2019est effondr\u00e9 et a tu\u00e9 16 personnes.<\/p>\n<p><strong class=\"article-body-link-list__item text-gray-800 article-body-link-list__item--one-item\">LIRE AUSSI : <a class=\"article-body-link-list__item-link\" href=\"https:\/\/www.lexpress.fr\/monde\/europe\/georgie-hongrie-serbie-les-autres-fronts-de-poutine-par-marion-van-renterghem-H2WVYNQPSRCAVDMPL23ALI5M6A\/\" rel=\"nofollow noopener\" target=\"_blank\">G\u00e9orgie, Hongrie, Serbie&#8230; Les autres fronts de Poutine, par Marion van Renterghem<\/a><\/strong><\/p>\n<p class=\"paragraph article-body-paragraph article__item   \">Sur un m\u00eame axe de recul au classement des pr\u00e9tendants \u00e0 l\u2019UE, Marta Kos, a aussi d\u00e9plor\u00e9 \u00ab\u00a0une r\u00e9gression d\u00e9mocratique incroyablement rapide\u00a0\u00bb en G\u00e9orgie. L\u2019UE avait d\u00e9j\u00e0 arr\u00eat\u00e9 les pourparlers d\u2019adh\u00e9sion de la G\u00e9orgie l\u2019ann\u00e9e derni\u00e8re, apr\u00e8s une violente r\u00e9pression contre les manifestants pacifiques lorsqu\u2019ils sont descendus dans la rue contre la loi sur les \u00ab\u00a0agents \u00e9trangers\u00a0\u00bb du gouvernement d\u2019inspiration russe, qui oblige les groupes de la soci\u00e9t\u00e9 civile \u00e0 s\u2019inscrire sous cette \u00e9tiquette stigmatisante s\u2019ils re\u00e7oivent des fonds de l\u2019\u00e9tranger. <\/p>\n<p class=\"paragraph article-body-paragraph article__item    article__text__endpicto\">Le Parlement europ\u00e9en a rapport\u00e9 en juillet qu\u2019apr\u00e8s les manifestations, plus de 500 personnes avaient \u00e9t\u00e9 d\u00e9tenues en vertu de \u00ab\u00a0proc\u00e9dures administratives\u00a0\u00bb, dont 300 \u00e9taient alors soumises \u00e0 la torture ou \u00e0 d\u2019autres formes de traitement inhumain et d\u00e9gradant. S\u2019adressant directement aux dirigeants du gouvernement g\u00e9orgien, Marta Kos a d\u00e9clar\u00e9 qu\u2019ils \u00e9loignaient les gens de l\u2019UE : \u00ab\u00a0Si vous \u00eates s\u00e9rieux au sujet de l\u2019UE, alors \u00e9coutez votre peuple et arr\u00eatez de mettre en prison les dirigeants de l\u2019opposition, les journalistes et les personnes qui pensent diff\u00e9remment de vous. Ensuite, nous pourrons parler\u00a0\u00bb.<\/p>\n","protected":false},"excerpt":{"rendered":"Face \u00e0 la menace russe de plus en plus pr\u00e9gnante, l\u2019Union europ\u00e9enne prend de moins en moins de&hellip;\n","protected":false},"author":2,"featured_media":514234,"comment_status":"","ping_status":"","sticky":false,"template":"","format":"standard","meta":{"footnotes":""},"categories":[1590],"tags":[11,1777,674,74,12,220],"class_list":{"0":"post-514233","1":"post","2":"type-post","3":"status-publish","4":"format-standard","5":"has-post-thumbnail","7":"category-ukraine","8":"tag-actualites","9":"tag-eu","10":"tag-europe","11":"tag-monde","12":"tag-news","13":"tag-ukraine"},"share_on_mastodon":{"url":"https:\/\/pubeurope.com\/@fr\/115498809082473661","error":""},"_links":{"self":[{"href":"https:\/\/www.europesays.com\/fr\/wp-json\/wp\/v2\/posts\/514233","targetHints":{"allow":["GET"]}}],"collection":[{"href":"https:\/\/www.europesays.com\/fr\/wp-json\/wp\/v2\/posts"}],"about":[{"href":"https:\/\/www.europesays.com\/fr\/wp-json\/wp\/v2\/types\/post"}],"author":[{"embeddable":true,"href":"https:\/\/www.europesays.com\/fr\/wp-json\/wp\/v2\/users\/2"}],"replies":[{"embeddable":true,"href":"https:\/\/www.europesays.com\/fr\/wp-json\/wp\/v2\/comments?post=514233"}],"version-history":[{"count":0,"href":"https:\/\/www.europesays.com\/fr\/wp-json\/wp\/v2\/posts\/514233\/revisions"}],"wp:featuredmedia":[{"embeddable":true,"href":"https:\/\/www.europesays.com\/fr\/wp-json\/wp\/v2\/media\/514234"}],"wp:attachment":[{"href":"https:\/\/www.europesays.com\/fr\/wp-json\/wp\/v2\/media?parent=514233"}],"wp:term":[{"taxonomy":"category","embeddable":true,"href":"https:\/\/www.europesays.com\/fr\/wp-json\/wp\/v2\/categories?post=514233"},{"taxonomy":"post_tag","embeddable":true,"href":"https:\/\/www.europesays.com\/fr\/wp-json\/wp\/v2\/tags?post=514233"}],"curies":[{"name":"wp","href":"https:\/\/api.w.org\/{rel}","templated":true}]}}