{"id":514235,"date":"2025-11-05T19:45:25","date_gmt":"2025-11-05T19:45:25","guid":{"rendered":"https:\/\/www.europesays.com\/fr\/514235\/"},"modified":"2025-11-05T19:45:25","modified_gmt":"2025-11-05T19:45:25","slug":"ces-americains-qui-sinstallent-en-irlande-sur-fond-dinquietude-face-a-ladministration-trump","status":"publish","type":"post","link":"https:\/\/www.europesays.com\/fr\/514235\/","title":{"rendered":"ces Am\u00e9ricains qui s&rsquo;installent en Irlande sur fond d&rsquo;inqui\u00e9tude face \u00e0 l&rsquo;administration Trump"},"content":{"rendered":"\n<p class=\"c-chapo \">\n  En 2025, pr\u00e8s de 9\u00a0600 Am\u00e9ricains ont pos\u00e9 leurs valises en Irlande, un chiffre qui a explos\u00e9 depuis l&rsquo;\u00e9lection de Donald Trump. Mais ceux qui peuvent se permettre de partir sont souvent les plus ais\u00e9s.\n<\/p>\n<p>      lire plus tard<\/p>\n<p id=\"dialog__title\" class=\"dialog__title\">Pour sauvegarder cet article, connectez-vous ou cr\u00e9ez un compte franceinfo<\/p>\n<p class=\"dialog__description\">Sans paiement. Sans abonnement.<\/p>\n<p>        Fermer la fen\u00eatre d\u2019activation des notifications France Info<\/p>\n<p>      cr\u00e9er votre compte<\/p>\n<p>      se connecter<\/p>\n<p>        Fermer la fen\u00eatre de pr\u00e9sentation<\/p>\n<p>    <img loading=\"lazy\" decoding=\"async\" class=\"signature__image lazyload\" width=\"100\" height=\"100\" data- alt=\"\" src=\"https:\/\/www.europesays.com\/fr\/wp-content\/uploads\/2025\/05\/64a7df4c5fe71_placeholder-36b69ec8.png\"\/><\/p>\n<p>    Publi\u00e9 le 05\/11\/2025 19:43<\/p>\n<p>        Temps de lecture : 2min<\/p>\n<p>    <img decoding=\"async\"  alt=\"Le drapeau irlandais flotte sur la fa\u00e7ade d'un immeuble, \u00e0 Dublin (Irlande), le 11 mai 2019. (JEAN-LUC FLEMAL \/ MAXPPP)\" width=\"432\" height=\"243\" src=\"https:\/\/www.europesays.com\/fr\/wp-content\/uploads\/2025\/11\/maxnewsfrfour237436-690b8cf6b6a8b643491995.jpg\" fetchpriority=\"high\"\/><\/p>\n<p>      Le drapeau irlandais flotte sur la fa\u00e7ade d&rsquo;un immeuble, \u00e0 Dublin (Irlande), le 11 mai 2019. (JEAN-LUC FLEMAL \/ MAXPPP)<\/p>\n<p>Les Am\u00e9ricains se r\u00e9fugient en Irlande. En cause, l&rsquo;inqui\u00e9tude grandissante <a href=\"https:\/\/www.franceinfo.fr\/monde\/usa\/presidentielle\/investiture-d-obama\/barack-obama-en-campagne-pour-les-democrates-critique-les-politiques-chaotiques-de-donald-trump_7590695.html\" rel=\"nofollow noopener\" target=\"_blank\">face \u00e0 l&rsquo;administration Trump<\/a>. Le nombre de personnes quittant les \u00c9tats-Unis pour s&rsquo;installer en Irlande a explos\u00e9, +96% en 2025, selon le Bureau central des statistiques. Ce sont pr\u00e8s de 9\u00a0600 Am\u00e9ricains qui ont pos\u00e9 leurs valises sur l&rsquo;\u00eele, contre moins de 5\u00a0000 en 2024.<\/p>\n<p>Parmi eux, Kim et Richard. Ils ont quitt\u00e9 la Floride en juin, pour rejoindre leur fille de 22 ans, actuellement \u00e9tudiante \u00e0 Dublin. \u00ab\u00a0Parce que nous avons une fille transgenre, pour sa s\u00e9curit\u00e9, nous avons voulu quitter le pays, explique Kim. En Floride, les attaques contre les personnes LGBTQ+ sont devenues terribles\u00a0: ils ont repeint les passages pi\u00e9tons arc-en-ciel, supprim\u00e9 les livres inclusifs des \u00e9coles publiques. Je ne me sens plus attach\u00e9e \u00e0 mon \u00c9tat d&rsquo;origine, ni m\u00eame, pour \u00eatre honn\u00eate, \u00e0 mon pays. C&rsquo;est \u00e0 la fois triste et terrifiant.\u00a0\u00bb<\/p>\n<p>Et puis, l&rsquo;anglais a fini de convaincre le couple de retrait\u00e9s. \u00ab\u00a0Au d\u00e9part, j&rsquo;\u00e9tais fascin\u00e9e par la France, lance-t-elle en riant. Mais la barri\u00e8re de la langue aurait rendu le quotidien un peu compliqu\u00e9.\u00a0\u00bb \u00ab\u00a0S&rsquo;installer ici, \u00e7a a \u00e9t\u00e9 un atterrissage en douceur\u00a0\u00bb, commente Richard. \u00ab\u00a0Une transition relativement facile\u00a0\u00bb, ajoute sa femme. \u00ab\u00a0On aurait d\u00fb faire \u00e7a il y a des ann\u00e9es !\u00a0\u00bb, estime son \u00e9poux.<\/p>\n<p>Le nombre de citoyens am\u00e9ricains demandant un passeport irlandais a explos\u00e9, atteignant des niveaux historiques, selon le minist\u00e8re des Affaires \u00e9trang\u00e8res. En 2025, plus de 26\u00a0000 demandes ont d\u00e9j\u00e0 \u00e9t\u00e9 enregistr\u00e9es. L&rsquo;attrait croissant d&rsquo;acheteurs am\u00e9ricains pourrait accentuer la pression sur un march\u00e9 immobilier d\u00e9j\u00e0 tr\u00e8s tendu, selon Liz O&rsquo;Kane, agente immobili\u00e8re \u00e0 Dublin. \u00ab\u00a0Depuis que le climat politique a chang\u00e9, les Am\u00e9ricains sont en mouvement, rel\u00e8ve-t-elle. Mais ceux qui partent sont surtout ceux qui en ont les moyens.\u00a0\u00bb<\/p>\n<blockquote class=\"ftvi_content_quote\">\n<p class=\"ftvi_citation_quote\">\u00ab\u00a0Comme dans toute guerre, m\u00eame si ce n&rsquo;en est pas vraiment une, ce sont les plus riches qui peuvent fuir.\u00a0\u00bb<\/p>\n<p>Liz O&rsquo;Kane, agente immobili\u00e8re \u00e0 Dublin (Irlande)<\/p>\n<p class=\"ftvi_citation_source\">\u00e0 franceinfo<\/p>\n<\/blockquote>\n<p>Comme Richard, dont trois grands-parents \u00e9taient irlandais, un Am\u00e9ricain sur dix affirme avoir des origines irlandaises. De quoi nourrir, chez certains, le r\u00eave d&rsquo;un nouveau d\u00e9part de l&rsquo;autre c\u00f4t\u00e9 de l&rsquo;Atlantique.<\/p>\n","protected":false},"excerpt":{"rendered":"En 2025, pr\u00e8s de 9\u00a0600 Am\u00e9ricains ont pos\u00e9 leurs valises en Irlande, un chiffre qui a explos\u00e9 depuis&hellip;\n","protected":false},"author":2,"featured_media":514236,"comment_status":"","ping_status":"","sticky":false,"template":"","format":"standard","meta":{"footnotes":""},"categories":[1589],"tags":[11,73,1866,12,1864,1865,1863,308],"class_list":{"0":"post-514235","1":"post","2":"type-post","3":"status-publish","4":"format-standard","5":"has-post-thumbnail","7":"category-etats-unis","8":"tag-actualites","9":"tag-etats-unis","10":"tag-etats-unis-damerique","11":"tag-news","12":"tag-united-states","13":"tag-united-states-of-america","14":"tag-us","15":"tag-usa"},"share_on_mastodon":{"url":"https:\/\/pubeurope.com\/@fr\/115498813594214368","error":""},"_links":{"self":[{"href":"https:\/\/www.europesays.com\/fr\/wp-json\/wp\/v2\/posts\/514235","targetHints":{"allow":["GET"]}}],"collection":[{"href":"https:\/\/www.europesays.com\/fr\/wp-json\/wp\/v2\/posts"}],"about":[{"href":"https:\/\/www.europesays.com\/fr\/wp-json\/wp\/v2\/types\/post"}],"author":[{"embeddable":true,"href":"https:\/\/www.europesays.com\/fr\/wp-json\/wp\/v2\/users\/2"}],"replies":[{"embeddable":true,"href":"https:\/\/www.europesays.com\/fr\/wp-json\/wp\/v2\/comments?post=514235"}],"version-history":[{"count":0,"href":"https:\/\/www.europesays.com\/fr\/wp-json\/wp\/v2\/posts\/514235\/revisions"}],"wp:featuredmedia":[{"embeddable":true,"href":"https:\/\/www.europesays.com\/fr\/wp-json\/wp\/v2\/media\/514236"}],"wp:attachment":[{"href":"https:\/\/www.europesays.com\/fr\/wp-json\/wp\/v2\/media?parent=514235"}],"wp:term":[{"taxonomy":"category","embeddable":true,"href":"https:\/\/www.europesays.com\/fr\/wp-json\/wp\/v2\/categories?post=514235"},{"taxonomy":"post_tag","embeddable":true,"href":"https:\/\/www.europesays.com\/fr\/wp-json\/wp\/v2\/tags?post=514235"}],"curies":[{"name":"wp","href":"https:\/\/api.w.org\/{rel}","templated":true}]}}