{"id":514247,"date":"2025-11-05T19:51:15","date_gmt":"2025-11-05T19:51:15","guid":{"rendered":"https:\/\/www.europesays.com\/fr\/514247\/"},"modified":"2025-11-05T19:51:15","modified_gmt":"2025-11-05T19:51:15","slug":"le-nouveau-maire-de-new-york-zohran-mamdani-est-il-proche-des-freres-musulmans-liberation","status":"publish","type":"post","link":"https:\/\/www.europesays.com\/fr\/514247\/","title":{"rendered":"Le nouveau maire de New York, Zohran Mamdani, est-il proche des Fr\u00e8res musulmans\u00a0? \u2013 Lib\u00e9ration"},"content":{"rendered":"<p class=\"sc-cPiKLX AiZTS text-element\">Zohran Mamdani, un \u00abislamo-gauchiste\u00bb <a href=\"https:\/\/www.liberation.fr\/societe\/religions\/islam-une-douzaine-de-personnalites-proches-des-milieux-freristes-ou-salafistes-visees-par-une-mesure-de-gel-de-leurs-avoirs-20250711_EV7FBTJOMFCC5MOWZX7TDRP3SE\/\" target=\"_blank\" rel=\"noreferrer noopener\" title=\"https:\/\/www.liberation.fr\/societe\/religions\/islam-une-douzaine-de-personnalites-proches-des-milieux-freristes-ou-salafistes-visees-par-une-mesure-de-gel-de-leurs-avoirs-20250711_EV7FBTJOMFCC5MOWZX7TDRP3SE\/\">tendance Fr\u00e8res musulmans<\/a> ? Dans les jours qui ont pr\u00e9c\u00e9d\u00e9 <a href=\"https:\/\/www.liberation.fr\/international\/zohran-mamdani-elu-maire-de-new-york-et-de-lespoir-anti-trump-20251105_VSBFXFYXD5C23DUZUZD5HXQFEQ\/\" target=\"_blank\" rel=\"noreferrer noopener\" title=\"https:\/\/www.liberation.fr\/international\/zohran-mamdani-elu-maire-de-new-york-et-de-lespoir-anti-trump-20251105_VSBFXFYXD5C23DUZUZD5HXQFEQ\/\">l\u2019\u00e9lection du premier maire musulman de New York<\/a>, de nombreux titres de presse conservateurs, aux Etats-Unis comme en France, ont mis en avant ses positions, jug\u00e9es radicales voire probl\u00e9matiques. Pour le Journal du dimanche, par exemple, il est \u00abislamo-wokiste, communautariste assum\u00e9 et farouchement anti-isra\u00e9lien\u00bb. Dans un \u00e9dito du Point, largement repris dans une tribune publi\u00e9e dans le Wall Street Journal, Bernard-Henri L\u00e9vy fustige pour sa part les prises de position de Mamdani \u00e0 l\u2019\u00e9gard de la guerre \u00e0 Gaza ou du boycott d\u2019Isra\u00ebl. Estimant au passage que s<\/p>\n","protected":false},"excerpt":{"rendered":"Zohran Mamdani, un \u00abislamo-gauchiste\u00bb tendance Fr\u00e8res musulmans ? Dans les jours qui ont pr\u00e9c\u00e9d\u00e9 l\u2019\u00e9lection du premier maire&hellip;\n","protected":false},"author":2,"featured_media":514248,"comment_status":"","ping_status":"","sticky":false,"template":"","format":"standard","meta":{"footnotes":""},"categories":[2],"tags":[11,73,1011,27,9305,3519,5318,3523,415,12,25,62862],"class_list":{"0":"post-514247","1":"post","2":"type-post","3":"status-publish","4":"format-standard","5":"has-post-thumbnail","7":"category-actualites","8":"tag-actualites","9":"tag-etats-unis","10":"tag-fr","11":"tag-france","12":"tag-freres-musulmans","13":"tag-hamas","14":"tag-islam","15":"tag-israel-palestine-conflit","16":"tag-new-york","17":"tag-news","18":"tag-republique-francaise","19":"tag-zohran-mamdani"},"share_on_mastodon":{"url":"https:\/\/pubeurope.com\/@fr\/115498836641845045","error":""},"_links":{"self":[{"href":"https:\/\/www.europesays.com\/fr\/wp-json\/wp\/v2\/posts\/514247","targetHints":{"allow":["GET"]}}],"collection":[{"href":"https:\/\/www.europesays.com\/fr\/wp-json\/wp\/v2\/posts"}],"about":[{"href":"https:\/\/www.europesays.com\/fr\/wp-json\/wp\/v2\/types\/post"}],"author":[{"embeddable":true,"href":"https:\/\/www.europesays.com\/fr\/wp-json\/wp\/v2\/users\/2"}],"replies":[{"embeddable":true,"href":"https:\/\/www.europesays.com\/fr\/wp-json\/wp\/v2\/comments?post=514247"}],"version-history":[{"count":0,"href":"https:\/\/www.europesays.com\/fr\/wp-json\/wp\/v2\/posts\/514247\/revisions"}],"wp:featuredmedia":[{"embeddable":true,"href":"https:\/\/www.europesays.com\/fr\/wp-json\/wp\/v2\/media\/514248"}],"wp:attachment":[{"href":"https:\/\/www.europesays.com\/fr\/wp-json\/wp\/v2\/media?parent=514247"}],"wp:term":[{"taxonomy":"category","embeddable":true,"href":"https:\/\/www.europesays.com\/fr\/wp-json\/wp\/v2\/categories?post=514247"},{"taxonomy":"post_tag","embeddable":true,"href":"https:\/\/www.europesays.com\/fr\/wp-json\/wp\/v2\/tags?post=514247"}],"curies":[{"name":"wp","href":"https:\/\/api.w.org\/{rel}","templated":true}]}}