{"id":514255,"date":"2025-11-05T20:00:26","date_gmt":"2025-11-05T20:00:26","guid":{"rendered":"https:\/\/www.europesays.com\/fr\/514255\/"},"modified":"2025-11-05T20:00:26","modified_gmt":"2025-11-05T20:00:26","slug":"team-novo-nordisk-leffectif-2026-actualite","status":"publish","type":"post","link":"https:\/\/www.europesays.com\/fr\/514255\/","title":{"rendered":"Team Novo Nordisk : L\u2019effectif 2026 &#8211; Actualit\u00e9"},"content":{"rendered":"<p style=\"text-align: justify;\">Le Team Novo Nordisk poss\u00e8de un effectif de 20 coureurs pour la saison 2026. La ProTeam am\u00e9ricaine enregistre trois arriv\u00e9es. Les trois coureurs, dont les Fran\u00e7ais Louis-Marie Posnic et Lucas Terrier, arrivent de l\u2019\u00e9quipe de d\u00e9veloppement. Avec Lucas Dauge, Anton Muller et C\u00e9lestin Wattelle, il y aura donc cinq Fran\u00e7ais dans l\u2019\u00e9quipe uniquement compos\u00e9e d&rsquo;athl\u00e8tes diab\u00e9tiques. En revanche, Doriand Percrule ne figure plus dans l&rsquo;effectif.<\/p>\n<p><strong>L\u2019effectif 2026 du Team Novo Nordisk :<\/strong><br \/>Hamish Armitt, 23 ans<br \/>Hamish Beadle, 27 ans<br \/>Sam Brand, 34 ans<br \/>Jacopo Colladon, 22 ans<br \/>Lucas Dauge, 29 ans<br \/>Quinten De Graeve, 25 ans<br \/>Declan Irvine, 26 ans<br \/>Juan Jose Lopez Rodriguez, 19 ans (Team Novo Nordisk Development)<br \/>David Lozano Riba, 37 ans<br \/>Bailey McDonald, 22 ans<br \/>Anton Muller, 27 ans<br \/>Andrea Peron, 37 ans<br \/>Alessandro Perracchione, 20 ans<br \/>Antonio Polga, 26 ans<br \/>Umberto Poli, 29 ans<br \/>Louis-Marie Posnic, 22 ans (Team Novo Nordisk Development)<br \/>Filippo Ridolfo, 24 ans<br \/>Nathan Smith, 25 ans<br \/>Lucas Terrier, 19 ans (Team Novo Nordisk Development)<br \/>C\u00e9lestin Wattelle, 22 ans<\/p>\n<p>Les d\u00e9parts : Matyas Kopecky (Unibet Tietema Rockets), Logan Lakota Phippen (arr\u00eat) et Doriand Percrule.<\/p>\n","protected":false},"excerpt":{"rendered":"Le Team Novo Nordisk poss\u00e8de un effectif de 20 coureurs pour la saison 2026. La ProTeam am\u00e9ricaine enregistre&hellip;\n","protected":false},"author":2,"featured_media":514256,"comment_status":"","ping_status":"","sticky":false,"template":"","format":"standard","meta":{"footnotes":""},"categories":[1411],"tags":[834,828,836,829,837,827,83,826,824,823,1154,207,814,817,815,816,822,821,832,211,839,1011,27,820,818,819,835,831,830,833,838,60,212,208,825],"class_list":{"0":"post-514255","1":"post","2":"type-post","3":"status-publish","4":"format-standard","5":"has-post-thumbnail","7":"category-cyclisme","8":"tag-attaque","9":"tag-belgique","10":"tag-braquet","11":"tag-bretagne","12":"tag-chute","13":"tag-competition","14":"tag-coupe-de-france","15":"tag-coureur","16":"tag-course-cyclisme","17":"tag-course-cycliste","18":"tag-cycling","19":"tag-cyclisme","20":"tag-direct","21":"tag-direct-velo","22":"tag-directvelo","23":"tag-directvelo-com","24":"tag-epreuve","25":"tag-epreuve-cycliste","26":"tag-federation-francaise-de-cyclisme","27":"tag-ffc","28":"tag-flandres","29":"tag-fr","30":"tag-france","31":"tag-live","32":"tag-live-course","33":"tag-live-epreuve","34":"tag-peloton","35":"tag-radio-peloton","36":"tag-radio-tour","37":"tag-ravitaillement","38":"tag-relance","39":"tag-sports","40":"tag-uci","41":"tag-velo","42":"tag-velos"},"share_on_mastodon":{"url":"https:\/\/pubeurope.com\/@fr\/115498872029666364","error":""},"_links":{"self":[{"href":"https:\/\/www.europesays.com\/fr\/wp-json\/wp\/v2\/posts\/514255","targetHints":{"allow":["GET"]}}],"collection":[{"href":"https:\/\/www.europesays.com\/fr\/wp-json\/wp\/v2\/posts"}],"about":[{"href":"https:\/\/www.europesays.com\/fr\/wp-json\/wp\/v2\/types\/post"}],"author":[{"embeddable":true,"href":"https:\/\/www.europesays.com\/fr\/wp-json\/wp\/v2\/users\/2"}],"replies":[{"embeddable":true,"href":"https:\/\/www.europesays.com\/fr\/wp-json\/wp\/v2\/comments?post=514255"}],"version-history":[{"count":0,"href":"https:\/\/www.europesays.com\/fr\/wp-json\/wp\/v2\/posts\/514255\/revisions"}],"wp:featuredmedia":[{"embeddable":true,"href":"https:\/\/www.europesays.com\/fr\/wp-json\/wp\/v2\/media\/514256"}],"wp:attachment":[{"href":"https:\/\/www.europesays.com\/fr\/wp-json\/wp\/v2\/media?parent=514255"}],"wp:term":[{"taxonomy":"category","embeddable":true,"href":"https:\/\/www.europesays.com\/fr\/wp-json\/wp\/v2\/categories?post=514255"},{"taxonomy":"post_tag","embeddable":true,"href":"https:\/\/www.europesays.com\/fr\/wp-json\/wp\/v2\/tags?post=514255"}],"curies":[{"name":"wp","href":"https:\/\/api.w.org\/{rel}","templated":true}]}}