{"id":514257,"date":"2025-11-05T20:01:13","date_gmt":"2025-11-05T20:01:13","guid":{"rendered":"https:\/\/www.europesays.com\/fr\/514257\/"},"modified":"2025-11-05T20:01:13","modified_gmt":"2025-11-05T20:01:13","slug":"bordeaux-locmine-plus-aucune-place-disponible-pour-le-match-des-girondins-en-national-2","status":"publish","type":"post","link":"https:\/\/www.europesays.com\/fr\/514257\/","title":{"rendered":"Bordeaux-Locmin\u00e9 : plus aucune place disponible pour le match des Girondins en National 2 ?"},"content":{"rendered":"<p><img decoding=\"async\" src=\"https:\/\/www.europesays.com\/fr\/wp-content\/uploads\/2025\/07\/671_87e089ecdf173d669708790ff66226ba.jpg\" alt=\"Bordeaux-Locmin\u00e9 : plus aucune place disponible pour le match des Girondins en National 2 ?\" class=\"img-responsive mt-3\"\/><\/p>\n<p class=\"text-center mb-3\" style=\"font-size: 14px\">\u00a9 Iconsport<\/p>\n<p>      <strong>Bordeaux &#8211; Locmin\u00e9 : un Stade Atlantique \u00e0 guichets ferm\u00e9s pour la 10e journ\u00e9e de N2<\/strong><\/p>\n<p style=\"text-align: justify;\">Le club vient d&rsquo;annoncer sur le r\u00e9seau social X que cette rencontre se joue \u00e0 guiche ferm\u00e9e. Il n&rsquo;y a plus de place \u00e0 vendre au grand public au grand dam des supporters qui esp\u00e9raient venir assister \u00e0 la rencontre.<\/p>\n<p style=\"text-align: justify;\">Il faut pr\u00e9ciser que les Virage Sud et Virage Nord sont ferm\u00e9s \u00e0 la suite d&rsquo;une d\u00e9cision de la commission f\u00e9d\u00e9rale de discipline. <a href=\"https:\/\/www.webgirondins.com\/actualite-girondins-girondins-les-abonnes-du-virage-sud-et-du-virage-nord-seront-replaces-face-a-locmine-131023\" target=\"_blank\" rel=\"noopener\">Les abonn\u00e9s des deux virages ont \u00e9t\u00e9 replac\u00e9s \u00e0 des endroits distincts<\/a> dans le stade. Ce matin, il est encore possible de r\u00e9server en Hospitalit\u00e9 au tarif de 105\u20ac dans la partie club des Grands Crus.<\/p>\n<p style=\"text-align: justify;\">Il reste \u00e0 savoir combien de supporters des Girondins seront pr\u00e9sents dans l&rsquo;enceinte et quelle est la jauge. Depuis le d\u00e9but de la saison elle \u00e9tait fix\u00e9e \u00e0 12 000 personnes.\u00a0<\/p>\n<p>\u00a0<\/p>\n<p style=\"text-align: justify;\">\u00c0 lire aussi &gt;&gt; <strong><a href=\"https:\/\/www.webgirondins.com\/actualite-autour-des-girondins-dncg-feu-vert-pour-locmine-et-granville-sursis-pour-d-autres-clubs-131034\" target=\"_blank\" rel=\"noopener\">DNCG : feu vert pour Locmin\u00e9 et Granville, sursis pour d\u2019autres clubs<\/a><\/strong><\/p>\n<p style=\"text-align: justify;\"><strong><br \/><\/strong>Notre podcast court sur les Girondins :<\/p>\n","protected":false},"excerpt":{"rendered":"\u00a9 Iconsport Bordeaux &#8211; Locmin\u00e9 : un Stade Atlantique \u00e0 guichets ferm\u00e9s pour la 10e journ\u00e9e de N2&hellip;\n","protected":false},"author":2,"featured_media":284333,"comment_status":"","ping_status":"","sticky":false,"template":"","format":"standard","meta":{"footnotes":""},"categories":[1410],"tags":[2865,8846,1997,63483,17457,2834,5489,63,1011,27,1987,5488,6694,22567,955,3238,5536,378,471,9622,3213,3982,60,2858],"class_list":{"0":"post-514257","1":"post","2":"type-post","3":"status-publish","4":"format-standard","5":"has-post-thumbnail","7":"category-football","8":"tag-atlantique","9":"tag-aucune","10":"tag-bordeaux","11":"tag-colomban","12":"tag-disponible","13":"tag-entre","14":"tag-fermes","15":"tag-football","16":"tag-fr","17":"tag-france","18":"tag-girondins","19":"tag-guichets","20":"tag-jouera","21":"tag-locmine","22":"tag-match","23":"tag-national","24":"tag-place","25":"tag-plus","26":"tag-pour","27":"tag-prevu","28":"tag-saint","29":"tag-samedi","30":"tag-sports","31":"tag-stade"},"share_on_mastodon":{"url":"https:\/\/pubeurope.com\/@fr\/115498876652203628","error":""},"_links":{"self":[{"href":"https:\/\/www.europesays.com\/fr\/wp-json\/wp\/v2\/posts\/514257","targetHints":{"allow":["GET"]}}],"collection":[{"href":"https:\/\/www.europesays.com\/fr\/wp-json\/wp\/v2\/posts"}],"about":[{"href":"https:\/\/www.europesays.com\/fr\/wp-json\/wp\/v2\/types\/post"}],"author":[{"embeddable":true,"href":"https:\/\/www.europesays.com\/fr\/wp-json\/wp\/v2\/users\/2"}],"replies":[{"embeddable":true,"href":"https:\/\/www.europesays.com\/fr\/wp-json\/wp\/v2\/comments?post=514257"}],"version-history":[{"count":0,"href":"https:\/\/www.europesays.com\/fr\/wp-json\/wp\/v2\/posts\/514257\/revisions"}],"wp:featuredmedia":[{"embeddable":true,"href":"https:\/\/www.europesays.com\/fr\/wp-json\/wp\/v2\/media\/284333"}],"wp:attachment":[{"href":"https:\/\/www.europesays.com\/fr\/wp-json\/wp\/v2\/media?parent=514257"}],"wp:term":[{"taxonomy":"category","embeddable":true,"href":"https:\/\/www.europesays.com\/fr\/wp-json\/wp\/v2\/categories?post=514257"},{"taxonomy":"post_tag","embeddable":true,"href":"https:\/\/www.europesays.com\/fr\/wp-json\/wp\/v2\/tags?post=514257"}],"curies":[{"name":"wp","href":"https:\/\/api.w.org\/{rel}","templated":true}]}}