{"id":514258,"date":"2025-11-05T20:02:13","date_gmt":"2025-11-05T20:02:13","guid":{"rendered":"https:\/\/www.europesays.com\/fr\/514258\/"},"modified":"2025-11-05T20:02:13","modified_gmt":"2025-11-05T20:02:13","slug":"nelson-monfort-se-lache-sur-la-ceremonie-des-jo","status":"publish","type":"post","link":"https:\/\/www.europesays.com\/fr\/514258\/","title":{"rendered":"Nelson Monfort se l\u00e2che sur la c\u00e9r\u00e9monie des JO"},"content":{"rendered":"<p>L&rsquo;\u00e9mission \u201cCompl\u00e9ment d&rsquo;Enqu\u00eate\u201d diffusera jeudi soir sur France 2 un num\u00e9ro consacr\u00e9 au courant woke, qui enflamme les d\u00e9bats de soci\u00e9t\u00e9. Et un extrait, diffus\u00e9 en amont, fait d\u00e9j\u00e0 beaucoup parler sur les r\u00e9seaux sociaux. Il s&rsquo;agit de la s\u00e9quence dans laquelle le journaliste sportif Nelson Monfort donne son avis sur la c\u00e9r\u00e9monie d&rsquo;ouverture des Jeux olympiques de Paris pr\u00e9sent\u00e9e l&rsquo;\u00e9t\u00e9 dernier, et notamment sur <a href=\"https:\/\/www.ledauphine.com\/jeux-olympiques\/2024\/07\/26\/ceremonie-d-ouverture-aya-nakamura-reprend-aznavour-avec-la-garde-republicaine\" target=\"_blank\" rel=\"noopener\">la prestation de la chanteuse<\/a> <a href=\"https:\/\/www.ledauphine.com\/p\/aya-nakamura\" target=\"_blank\" rel=\"noopener\">Aya Nakamura<\/a>, sur le parvis de l&rsquo;Acad\u00e9mie fran\u00e7aise et le pont des Arts.<\/p>\n<p>\u00ab\u00a0Je n&rsquo;ai rien contre Aya Nakamura [&#8230;] Elle a du talent, mais je ne pense pas qu&rsquo;elle fr\u00e9quente assid\u00fbment l&rsquo;Acad\u00e9mie fran\u00e7aise, donc la voir sortir de l\u00e0, il y a quelque chose qui cloche\u00a0\u00bb, affirme-t-il dans la courte vid\u00e9o diffus\u00e9e ce mercredi. Il ajoute aussi : \u00ab Et apr\u00e8s les Gardes r\u00e9publicains, qui quelque part se ridiculisent, je ne pense pas que c&rsquo;\u00e9tait indispensable.\u00a0\u00bb<\/p>\n<p>Ce contenu est bloqu\u00e9 car vous n&rsquo;avez pas accept\u00e9 les cookies et autres traceurs.<\/p>\n<p>En cliquant sur \u00ab J\u2019accepte \u00bb, les cookies et autres traceurs seront d\u00e9pos\u00e9s et vous pourrez visualiser les contenus  (<a href=\"\" class=\"consentModule_policy\" target=\"_blank\" title=\"Consulter la politique de protection des donn\u00e9es du fournisseur\">plus d&rsquo;informations<\/a>).<\/p>\n<p>En cliquant sur \u00ab J\u2019accepte tous les cookies \u00bb, vous autorisez des d\u00e9p\u00f4ts de cookies et autres traceurs pour le stockage de vos donn\u00e9es sur nos sites et applications \u00e0 des fins de personnalisation et de ciblage publicitaire.<\/p>\n<p class=\"consentModule_secondaryText\">Vous gardez la possibilit\u00e9 de retirer votre consentement \u00e0 tout moment en consultant notre <a href=\"https:\/\/www.ledauphine.com\/protection-des-donnees\" target=\"_blank\" title=\"Consulter notre politique de protection des donn\u00e9es\" rel=\"noopener\">politique de protection des donn\u00e9es<\/a>. <br \/>&#13;<br \/>\n            <a href=\"https:\/\/www.ledauphine.com\/jeux-olympiques\/2025\/11\/05\/javascript:Didomi.notice.show()\" class=\"consentModule_cmp\" target=\"_blank\" rel=\"noopener\">G\u00e9rer mes choix<\/a>&#13;\n        <\/p>\n<p>&#13;<br \/>\n                        J&rsquo;accepte&#13;<br \/>\n            J&rsquo;accepte tous les cookies&#13;\n        <\/p>\n<p>  Vague de cyberharc\u00e8lement<\/p>\n<p>La performance de la chanteuse avait \u00e9t\u00e9 l&rsquo;un des moments les plus suivis de la c\u00e9r\u00e9monie dirig\u00e9e par Thomas Jolly. Mais en amont, les rumeurs autour de sa pr\u00e9sence avaient d\u00e9clench\u00e9 une vague de cyberharc\u00e8lement. Dix militants identitaires ont d&rsquo;ailleurs \u00e9t\u00e9 <a href=\"https:\/\/www.ledauphine.com\/faits-divers-justice\/2025\/09\/17\/injures-envers-aya-nakamura-dix-militants-identitaires-condamnes-a-des-amendes-trois-relaxes\" target=\"_blank\" rel=\"noopener\">condamn\u00e9s, en septembre \u00e0 Paris<\/a>, \u00e0 des amendes pour avoir post\u00e9 sur les r\u00e9seaux sociaux la photo d&rsquo;une banderole \u00e0 connotation raciste protestant contre sa participation.<\/p>\n<p>\u00c2g\u00e9e de 30 ans, l&rsquo;interpr\u00e8te de Djadja et Pookie reste la chanteuse francophone la plus \u00e9cout\u00e9e dans le monde. Fin octobre, elle a \u00e9coul\u00e9 en un temps record les 240 000 billets pour les trois concerts qu&rsquo;elle donnera au Stade de France en mai prochain. L&rsquo;artiste franco-malienne s&rsquo;appr\u00eate par ailleurs \u00e0 sortir un cinqui\u00e8me album le 21 novembre.<\/p>\n","protected":false},"excerpt":{"rendered":"L&rsquo;\u00e9mission \u201cCompl\u00e9ment d&rsquo;Enqu\u00eate\u201d diffusera jeudi soir sur France 2 un num\u00e9ro consacr\u00e9 au courant woke, qui enflamme les&hellip;\n","protected":false},"author":2,"featured_media":514259,"comment_status":"","ping_status":"","sticky":false,"template":"","format":"standard","meta":{"footnotes":""},"categories":[1359],"tags":[1687,58,59,107,1011,27,329,3996,873,973,517,1947,2205],"class_list":{"0":"post-514258","1":"post","2":"type-post","3":"status-publish","4":"format-standard","5":"has-post-thumbnail","7":"category-people","8":"tag-culture-loisirs","9":"tag-divertissement","10":"tag-entertainment","11":"tag-fil-info","12":"tag-fr","13":"tag-france","14":"tag-france-monde","15":"tag-jeux-olympiques","16":"tag-musique","17":"tag-people","18":"tag-sport","19":"tag-sport-national","20":"tag-television-medias"},"share_on_mastodon":{"url":"https:\/\/pubeurope.com\/@fr\/115498879831246044","error":""},"_links":{"self":[{"href":"https:\/\/www.europesays.com\/fr\/wp-json\/wp\/v2\/posts\/514258","targetHints":{"allow":["GET"]}}],"collection":[{"href":"https:\/\/www.europesays.com\/fr\/wp-json\/wp\/v2\/posts"}],"about":[{"href":"https:\/\/www.europesays.com\/fr\/wp-json\/wp\/v2\/types\/post"}],"author":[{"embeddable":true,"href":"https:\/\/www.europesays.com\/fr\/wp-json\/wp\/v2\/users\/2"}],"replies":[{"embeddable":true,"href":"https:\/\/www.europesays.com\/fr\/wp-json\/wp\/v2\/comments?post=514258"}],"version-history":[{"count":0,"href":"https:\/\/www.europesays.com\/fr\/wp-json\/wp\/v2\/posts\/514258\/revisions"}],"wp:featuredmedia":[{"embeddable":true,"href":"https:\/\/www.europesays.com\/fr\/wp-json\/wp\/v2\/media\/514259"}],"wp:attachment":[{"href":"https:\/\/www.europesays.com\/fr\/wp-json\/wp\/v2\/media?parent=514258"}],"wp:term":[{"taxonomy":"category","embeddable":true,"href":"https:\/\/www.europesays.com\/fr\/wp-json\/wp\/v2\/categories?post=514258"},{"taxonomy":"post_tag","embeddable":true,"href":"https:\/\/www.europesays.com\/fr\/wp-json\/wp\/v2\/tags?post=514258"}],"curies":[{"name":"wp","href":"https:\/\/api.w.org\/{rel}","templated":true}]}}