{"id":514260,"date":"2025-11-05T20:03:15","date_gmt":"2025-11-05T20:03:15","guid":{"rendered":"https:\/\/www.europesays.com\/fr\/514260\/"},"modified":"2025-11-05T20:03:15","modified_gmt":"2025-11-05T20:03:15","slug":"retrouvez-les-cliches-de-la-super-lune-du-castor-vue-dans-le-ciel-de-cote-dor","status":"publish","type":"post","link":"https:\/\/www.europesays.com\/fr\/514260\/","title":{"rendered":"retrouvez les clich\u00e9s de la \u201csuper Lune du castor\u201d vue\u00a0dans le ciel de C\u00f4te-d&rsquo;Or"},"content":{"rendered":"<p>Elle brille particuli\u00e8rement, ce mercredi soir 5 novembre, dans le ciel de la C\u00f4te-d&rsquo;Or. La \u201csuper Lune du castor\u201d est\u00a0probablement la plus grosse et la plus brillante de l&rsquo;ann\u00e9e. Pour qu&rsquo;il se produise une \u201csuper Lune\u201d, il faut d\u00e9j\u00e0 que la Lune soit pleine. Et il faut \u00e9galement qu&rsquo;elle soit \u00e0 son p\u00e9rig\u00e9e, c&rsquo;est-\u00e0-dire au plus pr\u00e8s de la Terre. Une conjonction qui se produit, ce mercredi. Plusieurs internautes ont tenu \u00e0 nous faire parvenir leur clich\u00e9 de ce ph\u00e9nom\u00e8ne c\u00e9leste \u00e9tonnant. N&rsquo;h\u00e9sitez pas \u00e0 nous envoyer vos photos \u00e0 lbpredacweb@lebienpublic.fr en pr\u00e9cisant le nom du photographe et le lieu de la prise de vue en C\u00f4te-d&rsquo;Or.<\/p>\n","protected":false},"excerpt":{"rendered":"Elle brille particuli\u00e8rement, ce mercredi soir 5 novembre, dans le ciel de la C\u00f4te-d&rsquo;Or. La \u201csuper Lune du&hellip;\n","protected":false},"author":2,"featured_media":514261,"comment_status":"","ping_status":"","sticky":false,"template":"","format":"standard","meta":{"footnotes":""},"categories":[1358],"tags":[1348,1384,1385,2931,1386,2930,58,10975,8588,11743,2664,59,107,1011,27,5325,2798,8423],"class_list":{"0":"post-514260","1":"post","2":"type-post","3":"status-publish","4":"format-standard","5":"has-post-thumbnail","7":"category-arts-et-design","8":"tag-arts","9":"tag-arts-and-design","10":"tag-arts-et-design","11":"tag-cote-dor","12":"tag-design","13":"tag-dijon","14":"tag-divertissement","15":"tag-edition-beaune-et-sa-region","16":"tag-edition-dijon-et-son-agglomeration","17":"tag-edition-haute-cote-dor","18":"tag-edition-region-dijonnaise","19":"tag-entertainment","20":"tag-fil-info","21":"tag-fr","22":"tag-france","23":"tag-galerie-media","24":"tag-galerie-photo","25":"tag-meteorologie-climat"},"share_on_mastodon":{"url":"https:\/\/pubeurope.com\/@fr\/115498883657073239","error":""},"_links":{"self":[{"href":"https:\/\/www.europesays.com\/fr\/wp-json\/wp\/v2\/posts\/514260","targetHints":{"allow":["GET"]}}],"collection":[{"href":"https:\/\/www.europesays.com\/fr\/wp-json\/wp\/v2\/posts"}],"about":[{"href":"https:\/\/www.europesays.com\/fr\/wp-json\/wp\/v2\/types\/post"}],"author":[{"embeddable":true,"href":"https:\/\/www.europesays.com\/fr\/wp-json\/wp\/v2\/users\/2"}],"replies":[{"embeddable":true,"href":"https:\/\/www.europesays.com\/fr\/wp-json\/wp\/v2\/comments?post=514260"}],"version-history":[{"count":0,"href":"https:\/\/www.europesays.com\/fr\/wp-json\/wp\/v2\/posts\/514260\/revisions"}],"wp:featuredmedia":[{"embeddable":true,"href":"https:\/\/www.europesays.com\/fr\/wp-json\/wp\/v2\/media\/514261"}],"wp:attachment":[{"href":"https:\/\/www.europesays.com\/fr\/wp-json\/wp\/v2\/media?parent=514260"}],"wp:term":[{"taxonomy":"category","embeddable":true,"href":"https:\/\/www.europesays.com\/fr\/wp-json\/wp\/v2\/categories?post=514260"},{"taxonomy":"post_tag","embeddable":true,"href":"https:\/\/www.europesays.com\/fr\/wp-json\/wp\/v2\/tags?post=514260"}],"curies":[{"name":"wp","href":"https:\/\/api.w.org\/{rel}","templated":true}]}}