{"id":514266,"date":"2025-11-05T20:07:17","date_gmt":"2025-11-05T20:07:17","guid":{"rendered":"https:\/\/www.europesays.com\/fr\/514266\/"},"modified":"2025-11-05T20:07:17","modified_gmt":"2025-11-05T20:07:17","slug":"wonder-man-un-nouveau-teaser-avec-une-mini-dose-de-super","status":"publish","type":"post","link":"https:\/\/www.europesays.com\/fr\/514266\/","title":{"rendered":"Wonder Man : Un nouveau teaser avec une mini-dose de super !"},"content":{"rendered":"<p><a href=\"https:\/\/www.europesays.com\/fr\/wp-content\/uploads\/2025\/11\/wonder-man-series-marvel-disney-plus-calendrier.jpg\"><img loading=\"lazy\" decoding=\"async\" src=\"https:\/\/www.europesays.com\/fr\/wp-content\/uploads\/2025\/11\/wonder-man-series-marvel-disney-plus-calendrier.jpg\" alt=\"\" width=\"696\" height=\"258\" class=\"aligncenter size-medium wp-image-274518\"  \/><\/a><\/p>\n<p style=\"text-align: justify;\">Tiens, la th\u00e9orie selon laquelle le r\u00e9alisateur Von Kovak pourrait \u00eatre \u00e0 l\u2019origine des super-pouvoirs de l\u2019acteur Simon Williams a d\u00e9j\u00e0 du plomb dans l\u2019aile\u2026 A trois mois du lancement de la s\u00e9rie sur Disney+, Marvel Studios vient de d\u00e9voiler un nouveau teaser de <strong>Wonder Man<\/strong>, avec ce qu\u2019il faut d\u2019images in\u00e9dites pour maintenir l\u2019int\u00e9r\u00eat. (C\u2019est fou, Rogers : The Musical est toujours d\u2019actualit\u00e9, quatre ans apr\u00e8s Hawkeye !) Cela tremblote gentiment, avant de pouvoir faire trembler tout un quartier, fa\u00e7on Daisy \u2018Quake\u2019 Johnson ?<\/p>\n<p style=\"text-align: justify;\">Simon Williams, acteur hollywoodien en devenir, peine \u00e0 faire d\u00e9coller sa carri\u00e8re. Lors d\u2019une rencontre fortuite avec Trevor Slattery, un acteur dont les plus grands r\u00f4les sont peut-\u00eatre loin derri\u00e8re lui, Simon apprend que le l\u00e9gendaire r\u00e9alisateur Von Kovak pr\u00e9pare un remake du film de super-h\u00e9ros Wonder Man. Ces deux acteurs, aux extr\u00e9mit\u00e9s oppos\u00e9es de leurs carri\u00e8res, poursuivent avec acharnement des r\u00f4les qui changeront leur vie dans ce film, offrant au public un aper\u00e7u des coulisses de l\u2019industrie du divertissement.<\/p>\n<\/p>\n<p style=\"text-align: center;\">\ufe61\ufe61\ufe61\ufe61\ufe61<\/p>\n<p><a href=\"http:\/\/lestoilesheroiques.fr\/2020\/11\/chronologie-comics-avengers-ordre-de-lecture-guide-liste.html\" rel=\"nofollow noopener\" target=\"_blank\"><img loading=\"lazy\" decoding=\"async\" class=\"aligncenter size-full wp-image-203493\" src=\"https:\/\/www.europesays.com\/fr\/wp-content\/uploads\/2025\/04\/chronologie-comics-avengers-1.jpg\" alt=\"\" width=\"300\" height=\"120\"\/><\/a><\/p>\n<p style=\"text-align: center;\">\ufe61\ufe61\ufe61\ufe61\ufe61<\/p>\n<p style=\"text-align: justify;\">La s\u00e9rie <strong>Wonder Man<\/strong> sera diffus\u00e9e \u00e0 partir du 28 janvier 2026 sur Disney+, avec <strong>Yahya Abdul-Mateen II<\/strong> (Simon Williams\/Wonder Man), <strong>Demetrius Grosse<\/strong> (Eric Williams\/Grim Reaper), <strong>Ben Kingsley<\/strong> (Trevor Slattery), <strong>Zlatko Buri\u0107<\/strong> (Von Kovak), <strong>Ed Harris<\/strong> (Neal Saroyan), <strong>Lauren Glazier<\/strong> et <strong>Byron Bowers<\/strong>.<\/p>\n<p><a href=\"https:\/\/amzn.to\/3JypO3L\" target=\"_blank\" rel=\"noopener noreferrer nofollow\"><img loading=\"lazy\" decoding=\"async\" class=\"aligncenter size-medium wp-image-200788\" src=\"https:\/\/www.europesays.com\/fr\/wp-content\/uploads\/2025\/05\/1747098672_910_rappelll.jpg\" alt=\"\" width=\"696\" height=\"73\"\/><\/a><\/p>\n","protected":false},"excerpt":{"rendered":"Tiens, la th\u00e9orie selon laquelle le r\u00e9alisateur Von Kovak pourrait \u00eatre \u00e0 l\u2019origine des super-pouvoirs de l\u2019acteur Simon&hellip;\n","protected":false},"author":2,"featured_media":514267,"comment_status":"","ping_status":"","sticky":false,"template":"","format":"standard","meta":{"footnotes":""},"categories":[1354],"tags":[58,59,1346,1011,27,1360],"class_list":{"0":"post-514266","1":"post","2":"type-post","3":"status-publish","4":"format-standard","5":"has-post-thumbnail","7":"category-films","8":"tag-divertissement","9":"tag-entertainment","10":"tag-films","11":"tag-fr","12":"tag-france","13":"tag-movies"},"share_on_mastodon":{"url":"https:\/\/pubeurope.com\/@fr\/115498900614790733","error":""},"_links":{"self":[{"href":"https:\/\/www.europesays.com\/fr\/wp-json\/wp\/v2\/posts\/514266","targetHints":{"allow":["GET"]}}],"collection":[{"href":"https:\/\/www.europesays.com\/fr\/wp-json\/wp\/v2\/posts"}],"about":[{"href":"https:\/\/www.europesays.com\/fr\/wp-json\/wp\/v2\/types\/post"}],"author":[{"embeddable":true,"href":"https:\/\/www.europesays.com\/fr\/wp-json\/wp\/v2\/users\/2"}],"replies":[{"embeddable":true,"href":"https:\/\/www.europesays.com\/fr\/wp-json\/wp\/v2\/comments?post=514266"}],"version-history":[{"count":0,"href":"https:\/\/www.europesays.com\/fr\/wp-json\/wp\/v2\/posts\/514266\/revisions"}],"wp:featuredmedia":[{"embeddable":true,"href":"https:\/\/www.europesays.com\/fr\/wp-json\/wp\/v2\/media\/514267"}],"wp:attachment":[{"href":"https:\/\/www.europesays.com\/fr\/wp-json\/wp\/v2\/media?parent=514266"}],"wp:term":[{"taxonomy":"category","embeddable":true,"href":"https:\/\/www.europesays.com\/fr\/wp-json\/wp\/v2\/categories?post=514266"},{"taxonomy":"post_tag","embeddable":true,"href":"https:\/\/www.europesays.com\/fr\/wp-json\/wp\/v2\/tags?post=514266"}],"curies":[{"name":"wp","href":"https:\/\/api.w.org\/{rel}","templated":true}]}}