{"id":51427,"date":"2025-04-25T09:37:09","date_gmt":"2025-04-25T09:37:09","guid":{"rendered":"https:\/\/www.europesays.com\/fr\/51427\/"},"modified":"2025-04-25T09:37:09","modified_gmt":"2025-04-25T09:37:09","slug":"le-royaume-uni-pret-a-briser-le-tabou-des-statistiques-ethniques","status":"publish","type":"post","link":"https:\/\/www.europesays.com\/fr\/51427\/","title":{"rendered":"le Royaume-Uni pr\u00eat \u00e0 briser le tabou des statistiques ethniques ?"},"content":{"rendered":"<p>C\u2019est une d\u00e9cision qui fait grincer des dents \u00e0 gauche et qui pourrait bien faire bouger les lignes en Europe :<a href=\"https:\/\/www.breitbart.com\/europe\/2025\/04\/23\/british-government-to-finally-release-data-on-migrant-crime-rates\/\" target=\"_blank\" rel=\"noopener\"> le gouvernement britannique a annonc\u00e9 qu\u2019il publierait<\/a>, pour la premi\u00e8re fois, des statistiques d\u00e9taill\u00e9es sur les taux de criminalit\u00e9 des diff\u00e9rentes communaut\u00e9s migrantes vivant au Royaume-Uni. Une avanc\u00e9e vers davantage de transparence, longtemps r\u00e9clam\u00e9e par certains \u00e9lus conservateurs, mais jug\u00e9e \u00ab dangereuse \u00bb et \u00ab stigmatisante \u00bb par les milieux immigrationnistes.<\/p>\n<p>Alors que des pays comme le Danemark ou les \u00c9tats-Unis n\u2019h\u00e9sitent pas \u00e0 publier les donn\u00e9es ethniques li\u00e9es \u00e0 la criminalit\u00e9, le Royaume-Uni, engonc\u00e9 dans le carcan du politiquement correct, s\u2019y refusait jusqu\u2019\u00e0 pr\u00e9sent. Officiellement, pour \u00e9viter de nourrir les tensions. Officieusement, par peur que les chiffres ne viennent confirmer ce que beaucoup soup\u00e7onnent d\u00e9j\u00e0 : l\u2019\u00e9chec patent de l\u2019int\u00e9gration de certaines communaut\u00e9s.<\/p>\n<p>Une pression croissante pour la transparence<\/p>\n<p>C\u2019est notamment sous l\u2019impulsion du d\u00e9put\u00e9 conservateur Robert Jenrick, ex-ministre de la Justice dans l\u2019ombre, et de Niel O\u2019Brien, que le gouvernement travailliste de Keir Starmer a fini par c\u00e9der. Le\u00a0Telegraph\u00a0rapporte que Downing Street esp\u00e8re ainsi se doter d\u2019un outil suppl\u00e9mentaire pour n\u00e9gocier des accords de renvoi post-Brexit avec des pays comme l\u2019Albanie \u2013 d\u2019o\u00f9 proviennent nombre de migrants clandestins traversant la Manche, et dont les ressortissants afficheraient un taux d\u2019incarc\u00e9ration record.<\/p>\n<p>Le gouvernement veut \u00e9galement utiliser ces donn\u00e9es dans ses op\u00e9rations polici\u00e8res, pour mieux cibler les d\u00e9linquants \u00e9trangers. Mais cette initiative a imm\u00e9diatement suscit\u00e9 un toll\u00e9 chez les partisans de l\u2019immigration de masse.<\/p>\n<p>Une gauche entre malaise et accusations<\/p>\n<p>Pour Fizza Qureshi, directrice du\u00a0Migrants\u2019 Rights Network, il s\u2019agit d\u2019un acte de \u00ab bouc-\u00e9missarisation flagrante \u00bb : \u00ab Le syst\u00e8me judiciaire, la police et l\u2019immigration sont d\u00e9j\u00e0 structurellement racistes. Publier ces donn\u00e9es ne fera qu\u2019aggraver les discriminations \u00bb, a-t-elle affirm\u00e9, d\u00e9non\u00e7ant des pratiques relevant du \u00ab racisme ordinaire \u00bb.<\/p>\n<p>M\u00eame son de cloche chez\u00a0Detention Action\u00a0: son directeur, James Wilson, redoute un climat de division et de haine, un an apr\u00e8s les \u00e9meutes provoqu\u00e9es par le meurtre de trois fillettes lors d\u2019une attaque au couteau perp\u00e9tr\u00e9e par un adolescent d\u2019origine rwandaise.<\/p>\n<p>Des chiffres qui d\u00e9rangent<\/p>\n<p>Pourtant, selon une analyse du\u00a0Telegraph, les chiffres parlent d\u2019eux-m\u00eames : <a href=\"https:\/\/www.breizh-info.com\/2025\/03\/12\/244692\/royaume-uni-les-migrants-surrepresentes-dans-les-crimes-sexuels-et-graves\/\" target=\"_blank\" rel=\"noopener\">les migrants sont en moyenne 27 % plus susceptibles d\u2019\u00eatre incarc\u00e9r\u00e9s que les citoyens britanniques<\/a>. Chez les Albanais, ce taux grimpe m\u00eame \u00e0\u00a0<strong>1 personne sur 50<\/strong>\u00a0(soit 232,33 pour 10 000), loin devant les Kosovars (150,23), les Vietnamiens, Alg\u00e9riens, Jama\u00efcains, \u00c9rythr\u00e9ens, Irakiens ou Somaliens \u2013 tous largement au-dessus de la moyenne nationale.<\/p>\n<p>\u00c0 l\u2019inverse, certaines nationalit\u00e9s se distinguent par leur faible taux d\u2019incarc\u00e9ration, inf\u00e9rieur \u00e0 celui des Britanniques : c\u2019est le cas des Allemands, Italiens, Indiens, Am\u00e9ricains ou Fran\u00e7ais.<\/p>\n<p>Face \u00e0 ces chiffres, plusieurs \u00e9lus appellent d\u00e9sormais \u00e0 restreindre l\u2019immigration en provenance des pays dont les ressortissants affichent les taux de criminalit\u00e9 les plus \u00e9lev\u00e9s. Une demande de bon sens, selon leurs d\u00e9fenseurs, qui estiment que les citoyens ont le droit de savoir qui entre et qui met en danger la s\u00e9curit\u00e9 publique.<\/p>\n<p>Le Royaume-Uni, en d\u00e9cidant de lever le voile sur ces r\u00e9alit\u00e9s, pourrait bien ouvrir une br\u00e8che dans l\u2019omerta europ\u00e9enne sur les liens entre immigration et ins\u00e9curit\u00e9. Une d\u00e9cision qui risque d\u2019en inspirer d\u2019autres, notamment en France, o\u00f9 la pression populaire sur le sujet ne cesse de monter.<\/p>\n<p>Illustration : DR<br \/>[cc]\u00a0<a href=\"http:\/\/breizh-info.com\/\" target=\"_blank\" rel=\"noopener\" data-saferedirecturl=\"https:\/\/www.google.com\/url?q=http:\/\/breizh-info.com\/&amp;source=gmail&amp;ust=1669399506105000&amp;usg=AOvVaw0etmiWJT9QYt-RQiCAPeFF\">Breizh-info.com<\/a>, 2025, d\u00e9p\u00eaches libres de copie et de diffusion sous r\u00e9serve de mention et de lien vers la source d\u2019origine<\/p>\n","protected":false},"excerpt":{"rendered":"C\u2019est une d\u00e9cision qui fait grincer des dents \u00e0 gauche et qui pourrait bien faire bouger les lignes&hellip;\n","protected":false},"author":2,"featured_media":51428,"comment_status":"","ping_status":"","sticky":false,"template":"","format":"standard","meta":{"footnotes":""},"categories":[1588],"tags":[11,2951,2950,1777,674,12,473,1853,1851,1850,1852],"class_list":{"0":"post-51427","1":"post","2":"type-post","3":"status-publish","4":"format-standard","5":"has-post-thumbnail","7":"category-royaume-uni","8":"tag-actualites","9":"tag-criminalite","10":"tag-delinquance","11":"tag-eu","12":"tag-europe","13":"tag-news","14":"tag-royaume-uni","15":"tag-royaume-uni-de-grande-bretagne-et-dirlande-du-nord","16":"tag-uk","17":"tag-united-kingdom","18":"tag-united-kingdom-of-great-britain-and-northern-ireland"},"share_on_mastodon":{"url":"https:\/\/pubeurope.com\/@fr\/114397934256478744","error":""},"_links":{"self":[{"href":"https:\/\/www.europesays.com\/fr\/wp-json\/wp\/v2\/posts\/51427","targetHints":{"allow":["GET"]}}],"collection":[{"href":"https:\/\/www.europesays.com\/fr\/wp-json\/wp\/v2\/posts"}],"about":[{"href":"https:\/\/www.europesays.com\/fr\/wp-json\/wp\/v2\/types\/post"}],"author":[{"embeddable":true,"href":"https:\/\/www.europesays.com\/fr\/wp-json\/wp\/v2\/users\/2"}],"replies":[{"embeddable":true,"href":"https:\/\/www.europesays.com\/fr\/wp-json\/wp\/v2\/comments?post=51427"}],"version-history":[{"count":0,"href":"https:\/\/www.europesays.com\/fr\/wp-json\/wp\/v2\/posts\/51427\/revisions"}],"wp:featuredmedia":[{"embeddable":true,"href":"https:\/\/www.europesays.com\/fr\/wp-json\/wp\/v2\/media\/51428"}],"wp:attachment":[{"href":"https:\/\/www.europesays.com\/fr\/wp-json\/wp\/v2\/media?parent=51427"}],"wp:term":[{"taxonomy":"category","embeddable":true,"href":"https:\/\/www.europesays.com\/fr\/wp-json\/wp\/v2\/categories?post=51427"},{"taxonomy":"post_tag","embeddable":true,"href":"https:\/\/www.europesays.com\/fr\/wp-json\/wp\/v2\/tags?post=51427"}],"curies":[{"name":"wp","href":"https:\/\/api.w.org\/{rel}","templated":true}]}}