{"id":514270,"date":"2025-11-05T20:09:12","date_gmt":"2025-11-05T20:09:12","guid":{"rendered":"https:\/\/www.europesays.com\/fr\/514270\/"},"modified":"2025-11-05T20:09:12","modified_gmt":"2025-11-05T20:09:12","slug":"om-atalanta-aguerd-et-egan-riley-titulaires-decouvrez-le-onze-olympien-la-provence","status":"publish","type":"post","link":"https:\/\/www.europesays.com\/fr\/514270\/","title":{"rendered":"OM-Atalanta : Aguerd et Egan-Riley titulaires&#8230; d\u00e9couvrez le onze olympien &#8211; La Provence"},"content":{"rendered":"<ol>\n<li><a href=\"https:\/\/news.google.com\/rss\/articles\/CBMi5AFBVV95cUxPQ2dIM2Y2MGRnRy1hMDh5SXlPVlQ0dzlUZDluTXVQd3lOWG9JS1B0NXF1RDJoMk1PR0QyQ1BMQlVkWGVaOWxLdXhDX1RLX05xWm5jenMxQTJUOE00eWIzZXYzRk5NWDMtZmxpeUdSbDdaZWhpRVNyU0I0dWVRR29SdXZRRnVVUG91ckxjVkVZQUxuVS05M3VSRnd5RGpYQTNZWWtvLWlUbHhsaHFzZ21aUHJtdjVRVG9aaS1YSXE2WDJTSnB1Qks0T2FucnNjVTl3RGxtQXc0Tzh2ZzZuMWdPRTVnLXg?oc=5\" target=\"_blank\" rel=\"noopener\">OM-Atalanta : Aguerd et Egan-Riley titulaires&#8230; d\u00e9couvrez le onze olympien<\/a>&nbsp;&nbsp;La Provence<\/li>\n<li><a href=\"https:\/\/news.google.com\/rss\/articles\/CBMi2gFBVV95cUxOYWlJVU5ldFJrZTBEdEpTNlZhczB4QTdUM3BzWHNZNW45eHczcWlHS19pMnJ4VzBwZzRrak1NTjd2SzVBNFBhcmpIZVNNMUF1dERyUG5wN3BnbVU2TjY5QjlPamNIVUd1b0JJM29WUUFleHFKNk45ZkZNUkNLdk1JZHF6VUZmcjYyMVhZbEE5ZHlLNW1HZG5xT18xbHMwc3pRQnZZTFg4Y1ZtTmFBZXFfemFlMUNHM2diSVFzcUl2WGFxMUxSQTRNbzNYQk1uUzI5bnNfT1Uxd2pNZw?oc=5\" target=\"_blank\" rel=\"noopener\">L&rsquo;OM avec Nayef Aguerd d&rsquo;entr\u00e9e en d\u00e9fense face \u00e0 l&rsquo;Atalanta Bergame en Ligue des champions<\/a>&nbsp;&nbsp;L&rsquo;\u00c9quipe<\/li>\n<li><a href=\"https:\/\/news.google.com\/rss\/articles\/CBMinAFBVV95cUxOVWFNbEkxVUF2a0NQTUNiX053akpXa0xfMTdSaVZuaGtVY3dRSVlmY2NwdUd3alU0YWE3RGR0ZmFob0VteTZLVF9DM3I5M1lKVkV2dUlXekhER1p6SThuNVBuNlJSa0tPaHFsc3lNNHZXWkJBanZrM08ycURsU3VMc3pKclQ0Z3lCblExS0NUcWl0aUZJOE83aFg5blQ?oc=5\" target=\"_blank\" rel=\"noopener\">EN DIRECT &#8211; OM-Atalanta : victoire attendue, dans un V\u00e9lodrome en feu, pour r\u00eaver en Ligue des champions<\/a>&nbsp;&nbsp;Le Figaro<\/li>\n<li><a href=\"https:\/\/news.google.com\/rss\/articles\/CBMixgFBVV95cUxPZld6STNYRGhyaGJJSS14a3ZGWUY5XzExRU85RHRzNW1rdm1YYVJfLURFWmZra0dVUXNzeWFxNGsweXJMY3V0Y2pSMlFjX2tQdzNBSGxWcXpoYUFKOHdYLWdFMDlJMjI2SS0zUWdQcWlzX2FLTWN6Xy1lb2R0QWZhcWNWSndOdXNHN29ZcUFNLUdhWjV6aUdTeUZQM3Z1d0VTVVU2VFRyc1pZd3JBQ0p3ZmtWeDRvb2NZSDE3OVd1YW9iZzhoQWc?oc=5\" target=\"_blank\" rel=\"noopener\">EN DIRECT | OM &#8211; Atalanta : suivez la 4\u1d49 journ\u00e9e de Ligue des Champions<\/a>&nbsp;&nbsp;Le Monde.fr<\/li>\n<li><a href=\"https:\/\/news.google.com\/rss\/articles\/CBMiswFBVV95cUxQZkF5Ukh6SkRwSnFFUzZxMlNrS2NkVnE1R2VNMEhQTWhwMXFVT0RVWHIwM3FzN19HOFNLckRXaWdzeWwwcm1ZVENRSl9UaWhnM25qSXJaUXpUUzJmaExSVHZsemREODhmNkxHS0dUR0xObklNWk9mbHh5V0xmYlMxUEJFaE5EbEZIcEl2RzlNNEVDc2Z4M2tTNEpJWkpjRk90TEZreGp1ekxCaFcxODZsOUM2WQ?oc=5\" target=\"_blank\" rel=\"noopener\">OM &#8211; Atalanta : \u00e0 quelle heure et sur quelle cha\u00eene suivre le match en streaming ?<\/a>&nbsp;&nbsp;Capital.fr<\/li>\n<\/ol>\n","protected":false},"excerpt":{"rendered":"OM-Atalanta : Aguerd et Egan-Riley titulaires&#8230; d\u00e9couvrez le onze olympien&nbsp;&nbsp;La Provence L&rsquo;OM avec Nayef Aguerd d&rsquo;entr\u00e9e en d\u00e9fense&hellip;\n","protected":false},"author":2,"featured_media":514271,"comment_status":"","ping_status":"","sticky":false,"template":"","format":"standard","meta":{"footnotes":""},"categories":[9],"tags":[63485,786,1011,27,447,1176,149,63323,60],"class_list":{"0":"post-514270","1":"post","2":"type-post","3":"status-publish","4":"format-standard","5":"has-post-thumbnail","7":"category-sports","8":"tag-atalanta-bergame","9":"tag-c1","10":"tag-fr","11":"tag-france","12":"tag-ligue-des-champions","13":"tag-olympique-de-marseille","14":"tag-om","15":"tag-om-atalanta","16":"tag-sports"},"share_on_mastodon":{"url":"https:\/\/pubeurope.com\/@fr\/115498907504706537","error":""},"_links":{"self":[{"href":"https:\/\/www.europesays.com\/fr\/wp-json\/wp\/v2\/posts\/514270","targetHints":{"allow":["GET"]}}],"collection":[{"href":"https:\/\/www.europesays.com\/fr\/wp-json\/wp\/v2\/posts"}],"about":[{"href":"https:\/\/www.europesays.com\/fr\/wp-json\/wp\/v2\/types\/post"}],"author":[{"embeddable":true,"href":"https:\/\/www.europesays.com\/fr\/wp-json\/wp\/v2\/users\/2"}],"replies":[{"embeddable":true,"href":"https:\/\/www.europesays.com\/fr\/wp-json\/wp\/v2\/comments?post=514270"}],"version-history":[{"count":0,"href":"https:\/\/www.europesays.com\/fr\/wp-json\/wp\/v2\/posts\/514270\/revisions"}],"wp:featuredmedia":[{"embeddable":true,"href":"https:\/\/www.europesays.com\/fr\/wp-json\/wp\/v2\/media\/514271"}],"wp:attachment":[{"href":"https:\/\/www.europesays.com\/fr\/wp-json\/wp\/v2\/media?parent=514270"}],"wp:term":[{"taxonomy":"category","embeddable":true,"href":"https:\/\/www.europesays.com\/fr\/wp-json\/wp\/v2\/categories?post=514270"},{"taxonomy":"post_tag","embeddable":true,"href":"https:\/\/www.europesays.com\/fr\/wp-json\/wp\/v2\/tags?post=514270"}],"curies":[{"name":"wp","href":"https:\/\/api.w.org\/{rel}","templated":true}]}}