{"id":514276,"date":"2025-11-05T20:12:13","date_gmt":"2025-11-05T20:12:13","guid":{"rendered":"https:\/\/www.europesays.com\/fr\/514276\/"},"modified":"2025-11-05T20:12:13","modified_gmt":"2025-11-05T20:12:13","slug":"pres-de-lyon-il-tombe-sur-un-tresor-de-lingots-dor-chez-lui","status":"publish","type":"post","link":"https:\/\/www.europesays.com\/fr\/514276\/","title":{"rendered":"pr\u00e8s de Lyon, il tombe sur un tr\u00e9sor de lingots d\u2019or chez lui"},"content":{"rendered":"<p>            Par<br \/>\n        <strong><br \/>\n            <a href=\"https:\/\/actu.fr\/auteur\/redaction-lyon\" title=\"Consulter tous les articles de R\u00e9daction Lyon\" rel=\"nofollow noopener\" target=\"_blank\">R\u00e9daction Lyon<\/a><br \/>\n        <\/strong><\/p>\n<p>        Publi\u00e9 le<\/p>\n<p>            5 nov. 2025 \u00e0 18h46        <\/p>\n<p>Des <strong>lingots et des pi\u00e8ces en or estim\u00e9s \u00e0 quelque 700.000 euros<\/strong> : un habitant de Neuville-sur-Sa\u00f4ne, pr\u00e8s de <a href=\"https:\/\/actu.fr\/auvergne-rhone-alpes\/lyon_69123\" rel=\"nofollow noopener\" target=\"_blank\">Lyon<\/a>, a d\u00e9couvert un v\u00e9ritable tr\u00e9sor en creusant une piscine dans son jardin, a indiqu\u00e9 mercredi 5 novembre la mairie.<\/p>\n<p>Le propri\u00e9taire pourrait garder l\u2019or<\/p>\n<p class=\" wall-content\">Apr\u00e8s sa trouvaille, qui remonte \u00e0 mai, il avait inform\u00e9 les autorit\u00e9s comp\u00e9tentes, dont la Direction r\u00e9gionale des affaires culturelles (DRAC), a pr\u00e9cis\u00e9 la mairie de Neuville-sur-Sa\u00f4ne, confirmant une information du <a href=\"https:\/\/www.leprogres.fr\/insolite\/2025\/11\/05\/incroyable-decouverte-il-decouvre-un-magot-en-lingots-d-or-en-creusant-une-piscine-dans-son-jardin\" rel=\"nofollow noopener\" target=\"_blank\">Progr\u00e8s<\/a>.\u00a0<\/p>\n<p class=\" wall-content\">Celles-ci avaient \u00e9cart\u00e9 la piste d\u2019un tr\u00e9sor arch\u00e9ologique, ce qui lui permet de rester propri\u00e9taire du magot.<\/p>\n<p>    <a href=\"https:\/\/www.google.com\/maps\/embed?pb=!1m18!1m12!1m3!1d443467.72710928915!2d4.510846006523382!3d45.88211894934415!2m3!1f0!2f0!3f0!3m2!1i1024!2i768!4f13.1!3m3!1m2!1s0x47f4942a280aafd1%3A0x2a20e1f5485c84ec!2s69250%20Neuville-sur-Sa%C3%B4ne!5e1!3m2!1sfr!2sfr!4v1762364279695!5m2!1sfr!2sfr\" title=\"Ouvrie le lien\" rel=\"nofollow noopener\" target=\"_blank\">Cliquez ici pour visualiser le contenu<\/a><\/p>\n<p>L\u2019origine reste un myst\u00e8re<\/p>\n<p class=\" wall-content\">Selon le journal r\u00e9gional, le tr\u00e9sor se compose de \u00ab\u00a0cinq lingots et de nombreuses pi\u00e8ces\u00a0\u00bb emball\u00e9s dans des sachets de plastique. L\u2019or, acquis de \u00ab\u00a0fa\u00e7on l\u00e9gale\u00a0\u00bb d\u2019apr\u00e8s l\u2019enqu\u00eate des gendarmes, avait \u00e9t\u00e9 fondu il y a une \u00ab\u00a0quinzaine ou une vingtaine d\u2019ann\u00e9es\u00a0\u00bb dans une entreprise de la r\u00e9gion lyonnaise.<\/p>\n<p class=\" wall-content\">L\u2019origine du butin reste un myst\u00e8re, l\u2019ancien propri\u00e9taire du terrain o\u00f9 il a \u00e9t\u00e9 d\u00e9couvert \u00e9tant d\u00e9c\u00e9d\u00e9, selon la mairie de Neuville.\u00a0<\/p>\n<p class=\" wall-content\"><strong>Avec AFP<\/strong><\/p>\n<p class=\" wall-content\">Personnalisez votre actualit\u00e9 en ajoutant vos villes et m\u00e9dias en favori avec <a href=\"https:\/\/moncompte.actu.fr\" title=\"D\u00e9couvez Mon Actu\" rel=\"nofollow noopener\" data-trk=\"{&quot;cta&quot;:{&quot;action&quot;:&quot;https:\\\/\\\/moncompte.actu.fr&quot;,&quot;category&quot;:&quot;mon compte&quot;,&quot;from&quot;:&quot;article footer&quot;,&quot;name&quot;:&quot;Mon actu&quot;,&quot;type&quot;:&quot;cta&quot;}}\" target=\"_blank\">Mon Actu<\/a>.<\/p>\n","protected":false},"excerpt":{"rendered":"Par R\u00e9daction Lyon Publi\u00e9 le 5 nov. 2025 \u00e0 18h46 Des lingots et des pi\u00e8ces en or estim\u00e9s&hellip;\n","protected":false},"author":2,"featured_media":514277,"comment_status":"","ping_status":"","sticky":false,"template":"","format":"standard","meta":{"footnotes":""},"categories":[6],"tags":[1261,35,33,34,1011,27,1757,104],"class_list":{"0":"post-514276","1":"post","2":"type-post","3":"status-publish","4":"format-standard","5":"has-post-thumbnail","7":"category-economie","8":"tag-argent","9":"tag-business","10":"tag-economie","11":"tag-economy","12":"tag-fr","13":"tag-france","14":"tag-insolite","15":"tag-societe"},"share_on_mastodon":{"url":"https:\/\/pubeurope.com\/@fr\/115498919143931534","error":""},"_links":{"self":[{"href":"https:\/\/www.europesays.com\/fr\/wp-json\/wp\/v2\/posts\/514276","targetHints":{"allow":["GET"]}}],"collection":[{"href":"https:\/\/www.europesays.com\/fr\/wp-json\/wp\/v2\/posts"}],"about":[{"href":"https:\/\/www.europesays.com\/fr\/wp-json\/wp\/v2\/types\/post"}],"author":[{"embeddable":true,"href":"https:\/\/www.europesays.com\/fr\/wp-json\/wp\/v2\/users\/2"}],"replies":[{"embeddable":true,"href":"https:\/\/www.europesays.com\/fr\/wp-json\/wp\/v2\/comments?post=514276"}],"version-history":[{"count":0,"href":"https:\/\/www.europesays.com\/fr\/wp-json\/wp\/v2\/posts\/514276\/revisions"}],"wp:featuredmedia":[{"embeddable":true,"href":"https:\/\/www.europesays.com\/fr\/wp-json\/wp\/v2\/media\/514277"}],"wp:attachment":[{"href":"https:\/\/www.europesays.com\/fr\/wp-json\/wp\/v2\/media?parent=514276"}],"wp:term":[{"taxonomy":"category","embeddable":true,"href":"https:\/\/www.europesays.com\/fr\/wp-json\/wp\/v2\/categories?post=514276"},{"taxonomy":"post_tag","embeddable":true,"href":"https:\/\/www.europesays.com\/fr\/wp-json\/wp\/v2\/tags?post=514276"}],"curies":[{"name":"wp","href":"https:\/\/api.w.org\/{rel}","templated":true}]}}