{"id":514288,"date":"2025-11-05T20:18:28","date_gmt":"2025-11-05T20:18:28","guid":{"rendered":"https:\/\/www.europesays.com\/fr\/514288\/"},"modified":"2025-11-05T20:18:28","modified_gmt":"2025-11-05T20:18:28","slug":"un-dispositif-exceptionnel-deploye-dans-le-quartier-saint-nicolas-ce-mercredi","status":"publish","type":"post","link":"https:\/\/www.europesays.com\/fr\/514288\/","title":{"rendered":"un dispositif exceptionnel d\u00e9ploy\u00e9 dans le quartier Saint-Nicolas ce mercredi"},"content":{"rendered":"<p>Un important dispositif de contr\u00f4le s\u2019est d\u00e9ploy\u00e9 durant plusieurs heures, ce mercredi 5\u00a0novembre, dans <a href=\"https:\/\/www.estrepublicain.fr\/economie\/2025\/11\/04\/trafic-de-cigarettes-drogues-violences-l-insecurite-rue-saint-nicolas-au-coeur-des-debats-a-nancy\" target=\"_blank\" rel=\"noopener\">le quartier Saint-Nicolas.<\/a> \u00a0La rue \u00e9ponyme \u00e9tait boucl\u00e9e d\u00e8s 14\u00a0h\u00a030 sur toute sa longueur, entre les rues des S\u0153urs-Macarons et Charles-III pour les besoins d\u2019une intervention exceptionnelle de par les personnels engag\u00e9s. Une op\u00e9ration de lutte contre les trafics et infractions en tout genre, programm\u00e9e sur r\u00e9quisitions du procureur de la R\u00e9publique.<\/p>\n<p> Plac\u00e9s sous le commandement de la commissaire <a href=\"https:\/\/www.estrepublicain.fr\/faits-divers-justice\/2025\/08\/24\/commissaire-anne-serrado-etre-au-service-de-la-population\" target=\"_blank\" rel=\"noopener\">Anne Serrado,<\/a> cheffe du service local de s\u00e9curit\u00e9 publique (SLDP), pas moins de 43 policiers de l\u2019h\u00f4tel de police de Nancy et leurs homologues de la police aux fronti\u00e8res (PAF)\u00a0; neuf agents du service des douanes\u00a0; le service d\u2019hygi\u00e8ne et s\u00e9curit\u00e9 de la ville de Nancy et la police municipale\u00a0; trois \u00e9quipes cynophiles (antidrogue\/faux billets et chiens de d\u00e9fense\/intervention) ont pass\u00e9 le quartier et ses commerces au tamis. <\/p>\n<p> \u00c0 17 heures et alors que les contr\u00f4les semblaient avoir \u00e9t\u00e9 lev\u00e9s, le bilan de cette op\u00e9ration d\u2019envergure n\u2019\u00e9tait pas encore connu. <\/p>\n","protected":false},"excerpt":{"rendered":"Un important dispositif de contr\u00f4le s\u2019est d\u00e9ploy\u00e9 durant plusieurs heures, ce mercredi 5\u00a0novembre, dans le quartier Saint-Nicolas. \u00a0La&hellip;\n","protected":false},"author":2,"featured_media":514289,"comment_status":"","ping_status":"","sticky":false,"template":"","format":"standard","meta":{"footnotes":""},"categories":[9635],"tags":[1111,11,4406,271,272,33,1704,1777,674,274,1011,27,775,3457,1702,1703,12,25],"class_list":{"0":"post-514288","1":"post","2":"type-post","3":"status-publish","4":"format-standard","5":"has-post-thumbnail","7":"category-nancy","8":"tag-actu","9":"tag-actualites","10":"tag-commerce-et-services","11":"tag-crime","12":"tag-delit-et-contravention","13":"tag-economie","14":"tag-edition-nancy-et-agglomeration","15":"tag-eu","16":"tag-europe","17":"tag-faits-divers-justice","18":"tag-fr","19":"tag-france","20":"tag-grand-est","21":"tag-meurthe-et-moselle","22":"tag-nancy","23":"tag-nancy-ville-54b","24":"tag-news","25":"tag-republique-francaise"},"share_on_mastodon":{"url":"https:\/\/pubeurope.com\/@fr\/115498942870236243","error":""},"_links":{"self":[{"href":"https:\/\/www.europesays.com\/fr\/wp-json\/wp\/v2\/posts\/514288","targetHints":{"allow":["GET"]}}],"collection":[{"href":"https:\/\/www.europesays.com\/fr\/wp-json\/wp\/v2\/posts"}],"about":[{"href":"https:\/\/www.europesays.com\/fr\/wp-json\/wp\/v2\/types\/post"}],"author":[{"embeddable":true,"href":"https:\/\/www.europesays.com\/fr\/wp-json\/wp\/v2\/users\/2"}],"replies":[{"embeddable":true,"href":"https:\/\/www.europesays.com\/fr\/wp-json\/wp\/v2\/comments?post=514288"}],"version-history":[{"count":0,"href":"https:\/\/www.europesays.com\/fr\/wp-json\/wp\/v2\/posts\/514288\/revisions"}],"wp:featuredmedia":[{"embeddable":true,"href":"https:\/\/www.europesays.com\/fr\/wp-json\/wp\/v2\/media\/514289"}],"wp:attachment":[{"href":"https:\/\/www.europesays.com\/fr\/wp-json\/wp\/v2\/media?parent=514288"}],"wp:term":[{"taxonomy":"category","embeddable":true,"href":"https:\/\/www.europesays.com\/fr\/wp-json\/wp\/v2\/categories?post=514288"},{"taxonomy":"post_tag","embeddable":true,"href":"https:\/\/www.europesays.com\/fr\/wp-json\/wp\/v2\/tags?post=514288"}],"curies":[{"name":"wp","href":"https:\/\/api.w.org\/{rel}","templated":true}]}}