{"id":514290,"date":"2025-11-05T20:19:15","date_gmt":"2025-11-05T20:19:15","guid":{"rendered":"https:\/\/www.europesays.com\/fr\/514290\/"},"modified":"2025-11-05T20:19:15","modified_gmt":"2025-11-05T20:19:15","slug":"pronostic-nancy-stade-lavallois-ligue-2","status":"publish","type":"post","link":"https:\/\/www.europesays.com\/fr\/514290\/","title":{"rendered":"Pronostic Nancy Stade Lavallois &#8211; Ligue 2"},"content":{"rendered":"<p class=\"text-xs leading-5 text-gray-400 mb-2\">\n                        Publi\u00e9 le 05\/11\/2025 13:00<br \/>\n                        \u00a0par<br \/>\n                                                            <a href=\"https:\/\/www.sportytrader.com\/auteur\/steeven-occhipinti-1\/\" target=\"_blank\" rel=\"noopener\">Steeven Occhipinti<\/a><\/p>\n<p>                                                                                                            dans<br \/>\n                                <a data-trans=\"tips.published.competition %competition%\" href=\"https:\/\/www.sportytrader.com\/pronostics\/football\/france\/ligue-2-124\/\" target=\"_blank\" rel=\"noopener\"><br \/>\n                                    Pronostic Ligue 2<br \/>\n                                <\/a><\/p>\n<p style=\"text-align: justify;\">Duel important dans la course au maintien pour le multiplex de la 14e journ\u00e9e de la Ligue 2. Ce vendredi \u00e0 20h00, l&rsquo;AS Nancy-Lorraine a pris rendez-vous avec le Stade Lavallois au Stade Marcel-Picot. Apr\u00e8s un retour convaincant en deuxi\u00e8me division tricolore, le club nanc\u00e9ien a bien plus de difficult\u00e9s depuis quelques semaines. Il n&rsquo;a connu qu&rsquo;une seule victoire lors de ses 6 pr\u00e9c\u00e9dentes rencontres de championnat. Pour ne rien arranger, l&rsquo;\u00e9quipe entra\u00een\u00e9e par Pablo Correa reste sur une d\u00e9faite sur la pelouse du Mans FC (1-0). Une s\u00e9rie compliqu\u00e9e qui l&rsquo;a fait reculer \u00e0 la 13e place du classement.<\/p>\n<p style=\"text-align: justify;\">Cette premi\u00e8re partie de saison est encore plus d\u00e9licate pour le Stade Lavallois. Habitu\u00e9 \u00e0 lutter pour le top 5 lors des derniers exercices, il risque cette fois-ci de batailler pour se maintenir. L&rsquo;\u00e9curie lavalloise n&rsquo;a pris que 2 points lors de ses 7 derni\u00e8res journ\u00e9es. Elle reste notamment sur une d\u00e9faite sur la pelouse de l&rsquo;EA Guingamp (2-0). Les hommes d&rsquo;Olivier Frapolli sont bloqu\u00e9s \u00e0 la 17e position du classement et comptent d\u00e9j\u00e0 4 longueurs de retard sur le premier non-rel\u00e9gable. Ils pourraient encore rencontrer quelques difficult\u00e9s pour ce d\u00e9placement sur la pelouse d&rsquo;un promu, alors qu&rsquo;ils n&rsquo;ont gagn\u00e9 qu&rsquo;une seule fois en 12 rencontres.<\/p>\n","protected":false},"excerpt":{"rendered":"Publi\u00e9 le 05\/11\/2025 13:00 \u00a0par Steeven Occhipinti dans Pronostic Ligue 2 Duel important dans la course au maintien&hellip;\n","protected":false},"author":2,"featured_media":514291,"comment_status":"","ping_status":"","sticky":false,"template":"","format":"standard","meta":{"footnotes":""},"categories":[9635],"tags":[1111,11,1777,674,1011,27,775,446,1702,12,1817,1821,25,40802],"class_list":{"0":"post-514290","1":"post","2":"type-post","3":"status-publish","4":"format-standard","5":"has-post-thumbnail","7":"category-nancy","8":"tag-actu","9":"tag-actualites","10":"tag-eu","11":"tag-europe","12":"tag-fr","13":"tag-france","14":"tag-grand-est","15":"tag-ligue-2","16":"tag-nancy","17":"tag-news","18":"tag-pronostic","19":"tag-pronostics","20":"tag-republique-francaise","21":"tag-stade-lavallois"},"share_on_mastodon":{"url":"https:\/\/pubeurope.com\/@fr\/115498946652838723","error":""},"_links":{"self":[{"href":"https:\/\/www.europesays.com\/fr\/wp-json\/wp\/v2\/posts\/514290","targetHints":{"allow":["GET"]}}],"collection":[{"href":"https:\/\/www.europesays.com\/fr\/wp-json\/wp\/v2\/posts"}],"about":[{"href":"https:\/\/www.europesays.com\/fr\/wp-json\/wp\/v2\/types\/post"}],"author":[{"embeddable":true,"href":"https:\/\/www.europesays.com\/fr\/wp-json\/wp\/v2\/users\/2"}],"replies":[{"embeddable":true,"href":"https:\/\/www.europesays.com\/fr\/wp-json\/wp\/v2\/comments?post=514290"}],"version-history":[{"count":0,"href":"https:\/\/www.europesays.com\/fr\/wp-json\/wp\/v2\/posts\/514290\/revisions"}],"wp:featuredmedia":[{"embeddable":true,"href":"https:\/\/www.europesays.com\/fr\/wp-json\/wp\/v2\/media\/514291"}],"wp:attachment":[{"href":"https:\/\/www.europesays.com\/fr\/wp-json\/wp\/v2\/media?parent=514290"}],"wp:term":[{"taxonomy":"category","embeddable":true,"href":"https:\/\/www.europesays.com\/fr\/wp-json\/wp\/v2\/categories?post=514290"},{"taxonomy":"post_tag","embeddable":true,"href":"https:\/\/www.europesays.com\/fr\/wp-json\/wp\/v2\/tags?post=514290"}],"curies":[{"name":"wp","href":"https:\/\/api.w.org\/{rel}","templated":true}]}}