{"id":514297,"date":"2025-11-05T20:24:10","date_gmt":"2025-11-05T20:24:10","guid":{"rendered":"https:\/\/www.europesays.com\/fr\/514297\/"},"modified":"2025-11-05T20:24:10","modified_gmt":"2025-11-05T20:24:10","slug":"une-femme-de-23-ans-grievement-blessee","status":"publish","type":"post","link":"https:\/\/www.europesays.com\/fr\/514297\/","title":{"rendered":"une femme de 23 ans gri\u00e8vement bless\u00e9e"},"content":{"rendered":"<p>            Par<br \/>\n        <strong><br \/>\n            <a href=\"https:\/\/actu.fr\/auteur\/fmass\" title=\"Consulter tous les articles de Fabien Massin\" target=\"_blank\" rel=\"noopener\">Fabien Massin<\/a><br \/>\n        <\/strong><\/p>\n<p>        Publi\u00e9 le<\/p>\n<p>            5 nov. 2025 \u00e0 19h55        <\/p>\n<p>Un grave accident de la circulation est survenu \u00e0 <a href=\"https:\/\/actu.fr\/normandie\/rouen_76540\" target=\"_blank\" rel=\"noopener\">Rouen (Seine-Maritime)<\/a> mercredi 5 novembre 2025 en fin de journ\u00e9e.\u00a0<\/p>\n<p>Accident boulevard Ferdinand-de-Lesseps<\/p>\n<p class=\" wall-content\">Il s\u2019agit d\u2019un accident entre une voiture et un pi\u00e9ton, boulevard Ferdinand-de-Lesseps (rive droite, \u00e0 proximit\u00e9 des Docks 76 et de la <a href=\"https:\/\/actu.fr\/tag\/foire-saint-romain\" target=\"_blank\" rel=\"noopener\">foire Saint-Romain<\/a>) informe le Sdis (service d\u00e9partemental d\u2019incendie et de secours) 76, qui a \u00e9t\u00e9 appel\u00e9 peu avant 18h.\u00a0\u00a0<\/p>\n<p class=\" wall-content\">Apr\u00e8s le bilan effectu\u00e9 par les secours, une femme de 23 ans, la pi\u00e9tonne, a \u00e9t\u00e9 transport\u00e9e dans un \u00e9tat grave \u00e0\u00a0 l\u2019h\u00f4pital.\u00a0<\/p>\n<p>Suivez l\u2019actualit\u00e9 de Rouen sur notre <a href=\"https:\/\/www.whatsapp.com\/channel\/0029VaKfnf99hXF2ddApFB1D\" target=\"_blank\" rel=\"noopener\">cha\u00eene WhatsApp<\/a> et sur notre <a href=\"https:\/\/www.tiktok.com\/@76actu.fr?lang=fr\" target=\"_blank\" rel=\"noopener\">compte TikTok<\/a><\/p>\n<p class=\" wall-content\">Personnalisez votre actualit\u00e9 en ajoutant vos villes et m\u00e9dias en favori avec <a href=\"https:\/\/moncompte.actu.fr\" title=\"D\u00e9couvez Mon Actu\" rel=\"nofollow noopener\" data-trk=\"{&quot;cta&quot;:{&quot;action&quot;:&quot;https:\\\/\\\/moncompte.actu.fr&quot;,&quot;category&quot;:&quot;mon compte&quot;,&quot;from&quot;:&quot;article footer&quot;,&quot;name&quot;:&quot;Mon actu&quot;,&quot;type&quot;:&quot;cta&quot;}}\" target=\"_blank\">Mon Actu<\/a>.<\/p>\n<p>                    <script async src=\"\/\/www.tiktok.com\/embed.js\"><\/script><\/p>\n","protected":false},"excerpt":{"rendered":"Par Fabien Massin Publi\u00e9 le 5 nov. 2025 \u00e0 19h55 Un grave accident de la circulation est survenu&hellip;\n","protected":false},"author":2,"featured_media":514298,"comment_status":"","ping_status":"","sticky":false,"template":"","format":"standard","meta":{"footnotes":""},"categories":[9587],"tags":[119,1111,11,9682,1777,674,118,1011,27,12,5161,1311,25,9590],"class_list":{"0":"post-514297","1":"post","2":"type-post","3":"status-publish","4":"format-standard","5":"has-post-thumbnail","7":"category-rouen","8":"tag-accident","9":"tag-actu","10":"tag-actualites","11":"tag-chu-rouen","12":"tag-eu","13":"tag-europe","14":"tag-faits-divers","15":"tag-fr","16":"tag-france","17":"tag-news","18":"tag-normandie","19":"tag-pompiers","20":"tag-republique-francaise","21":"tag-rouen"},"share_on_mastodon":{"url":"https:\/\/pubeurope.com\/@fr\/115498966383934844","error":""},"_links":{"self":[{"href":"https:\/\/www.europesays.com\/fr\/wp-json\/wp\/v2\/posts\/514297","targetHints":{"allow":["GET"]}}],"collection":[{"href":"https:\/\/www.europesays.com\/fr\/wp-json\/wp\/v2\/posts"}],"about":[{"href":"https:\/\/www.europesays.com\/fr\/wp-json\/wp\/v2\/types\/post"}],"author":[{"embeddable":true,"href":"https:\/\/www.europesays.com\/fr\/wp-json\/wp\/v2\/users\/2"}],"replies":[{"embeddable":true,"href":"https:\/\/www.europesays.com\/fr\/wp-json\/wp\/v2\/comments?post=514297"}],"version-history":[{"count":0,"href":"https:\/\/www.europesays.com\/fr\/wp-json\/wp\/v2\/posts\/514297\/revisions"}],"wp:featuredmedia":[{"embeddable":true,"href":"https:\/\/www.europesays.com\/fr\/wp-json\/wp\/v2\/media\/514298"}],"wp:attachment":[{"href":"https:\/\/www.europesays.com\/fr\/wp-json\/wp\/v2\/media?parent=514297"}],"wp:term":[{"taxonomy":"category","embeddable":true,"href":"https:\/\/www.europesays.com\/fr\/wp-json\/wp\/v2\/categories?post=514297"},{"taxonomy":"post_tag","embeddable":true,"href":"https:\/\/www.europesays.com\/fr\/wp-json\/wp\/v2\/tags?post=514297"}],"curies":[{"name":"wp","href":"https:\/\/api.w.org\/{rel}","templated":true}]}}