{"id":514305,"date":"2025-11-05T20:28:11","date_gmt":"2025-11-05T20:28:11","guid":{"rendered":"https:\/\/www.europesays.com\/fr\/514305\/"},"modified":"2025-11-05T20:28:11","modified_gmt":"2025-11-05T20:28:11","slug":"le-tempo-pole-culturel-fete-ses-dix-ans-ce-week-end-a-vezin-le-coquet","status":"publish","type":"post","link":"https:\/\/www.europesays.com\/fr\/514305\/","title":{"rendered":"Le Tempo, p\u00f4le culturel, f\u00eate ses dix\u00a0ans ce week-end \u00e0 Vezin-le-Coquet"},"content":{"rendered":"<p>De nombreuses festivit\u00e9s sont propos\u00e9es, ce week-end au Tempo, pour f\u00eater ses dix ans. Alain Malingre, adjoint en charge de la culture et \u00e0 la communication, explique l\u2019importance de marquer cet anniversaire\u00a0: \u00a0Le b\u00e2timent Le Tempo, o\u00f9 se situe la m\u00e9diath\u00e8que, est devenu un centre \u00e0 la fois culturel et social incontournable de la commune. Tout en conservant son fonds patrimonial avec ses livres, la m\u00e9diath\u00e8que a beaucoup \u00e9volu\u00e9 en d\u00e9veloppant ses animations et en int\u00e9grant la dimension num\u00e9rique. Avec le projet Micro-folie, qui propose l\u2019acc\u00e8s \u00e0 un mus\u00e9e num\u00e9rique, la fonction \u00e9ducative s\u2019est trouv\u00e9e accrue. Le b\u00e2timent est tr\u00e8s esth\u00e9tique, aussi bien \u00e0 l\u2019int\u00e9rieur qu\u2019\u00e0 l\u2019ext\u00e9rieur. Il est lumineux et on s\u2019y sent bien.\u00a0<\/p>\n<p>La construction et l\u2019inauguration du b\u00e2timent est rappel\u00e9 par des affiches et un film de dix minutes. Une exposition photo sur l\u2019architecture du b\u00e2timent est pr\u00e9sent\u00e9e par le club photo.<\/p>\n<p>\u00ab\u00a0Pour tous les publics\u00a0\u00bb<\/p>\n<p>\u00a0Pour dresser le programme des animations, nous avons souhait\u00e9 faire appel aux artistes qui \u00e9taient d\u00e9j\u00e0 intervenus il y a dix ans, aux partenaires r\u00e9guliers et aux associations locales\u00a0, pr\u00e9sente Caroline Deshaies, directrice de la m\u00e9diath\u00e8que.<\/p>\n<p>B\u00e9n\u00e9dicte Klene, qui avait dessin\u00e9 les d\u00e9buts du Tempo dans ses leporellos (livres qui se d\u00e9plient), est revenue faire des croquis du Tempo d\u2019aujourd\u2019hui et propose un petit leporellimini. Ses dessins sont expos\u00e9s \u00e0 la m\u00e9diath\u00e8que. La compagnie \u00c9coutez voir revient \u00e9galement \u00e0 la m\u00e9diath\u00e8que, vendredi en fin d\u2019apr\u00e8s-midi, pour conduire une visite d\u2019une mani\u00e8re atypique.<\/p>\n<p>Le groupe des conteuses de l\u2019association des biblioth\u00e8ques des H\u00f4pitaux de Rennes racontera des histoires pour petits et grands, vendredi apr\u00e8s-midi. Diff\u00e9rentes associations locales interviendront aussi. L\u2019association \u00c7a tourne pr\u00e9sentera, dimanche matin, une s\u00e9ance surprise. Celle des Douze lunes, quant \u00e0 elle, mettra en place un atelier d\u2019\u00e9criture samedi apr\u00e8s-midi et le groupe lecture \u00e0 voix haute fera d\u00e9couvrir des auteurs et des textes samedi matin.<\/p>\n<p>\u00a0L\u2019id\u00e9e est de f\u00eater Le Tempo avec des temps festifs pour tous les publics\u00a0, invite Caroline Deshaies. Samedi matin, un temps sera consacr\u00e9 aux b\u00e9b\u00e9s et un autre l\u2019apr\u00e8s-midi pour les enfants.<\/p>\n<p>Apr\u00e8s le discours des officiels, \u00e0 19\u00a0h\u00a030 vendredi, les plus grands sont invit\u00e9s \u00e0 assister \u00e0 un concert.<\/p>\n<p><strong>Vendredi\u00a07,<\/strong> <strong class=\"date\">samedi\u00a08 et 9\u00a0novembre 2025,<\/strong> animations \u00e0 la m\u00e9diath\u00e8que.<\/p>\n<p>\u00a0<\/p>\n","protected":false},"excerpt":{"rendered":"De nombreuses festivit\u00e9s sont propos\u00e9es, ce week-end au Tempo, pour f\u00eater ses dix ans. Alain Malingre, adjoint en&hellip;\n","protected":false},"author":2,"featured_media":514306,"comment_status":"","ping_status":"","sticky":false,"template":"","format":"standard","meta":{"footnotes":""},"categories":[2821],"tags":[1111,11,1764,829,7019,1777,674,4768,1011,27,12,22534,3086,584,25,5896,15047,4064],"class_list":{"0":"post-514305","1":"post","2":"type-post","3":"status-publish","4":"format-standard","5":"has-post-thumbnail","7":"category-rennes","8":"tag-actu","9":"tag-actualites","10":"tag-ans","11":"tag-bretagne","12":"tag-culturel","13":"tag-eu","14":"tag-europe","15":"tag-fete","16":"tag-fr","17":"tag-france","18":"tag-news","19":"tag-pole","20":"tag-redon","21":"tag-rennes","22":"tag-republique-francaise","23":"tag-tempo","24":"tag-vezin-le-coquet","25":"tag-week-end"},"share_on_mastodon":{"url":"https:\/\/pubeurope.com\/@fr\/115498982077381209","error":""},"_links":{"self":[{"href":"https:\/\/www.europesays.com\/fr\/wp-json\/wp\/v2\/posts\/514305","targetHints":{"allow":["GET"]}}],"collection":[{"href":"https:\/\/www.europesays.com\/fr\/wp-json\/wp\/v2\/posts"}],"about":[{"href":"https:\/\/www.europesays.com\/fr\/wp-json\/wp\/v2\/types\/post"}],"author":[{"embeddable":true,"href":"https:\/\/www.europesays.com\/fr\/wp-json\/wp\/v2\/users\/2"}],"replies":[{"embeddable":true,"href":"https:\/\/www.europesays.com\/fr\/wp-json\/wp\/v2\/comments?post=514305"}],"version-history":[{"count":0,"href":"https:\/\/www.europesays.com\/fr\/wp-json\/wp\/v2\/posts\/514305\/revisions"}],"wp:featuredmedia":[{"embeddable":true,"href":"https:\/\/www.europesays.com\/fr\/wp-json\/wp\/v2\/media\/514306"}],"wp:attachment":[{"href":"https:\/\/www.europesays.com\/fr\/wp-json\/wp\/v2\/media?parent=514305"}],"wp:term":[{"taxonomy":"category","embeddable":true,"href":"https:\/\/www.europesays.com\/fr\/wp-json\/wp\/v2\/categories?post=514305"},{"taxonomy":"post_tag","embeddable":true,"href":"https:\/\/www.europesays.com\/fr\/wp-json\/wp\/v2\/tags?post=514305"}],"curies":[{"name":"wp","href":"https:\/\/api.w.org\/{rel}","templated":true}]}}