{"id":514307,"date":"2025-11-05T20:29:18","date_gmt":"2025-11-05T20:29:18","guid":{"rendered":"https:\/\/www.europesays.com\/fr\/514307\/"},"modified":"2025-11-05T20:29:18","modified_gmt":"2025-11-05T20:29:18","slug":"paris-fc-rennes-ait-boudlal-suspendu-frankowski-incertain","status":"publish","type":"post","link":"https:\/\/www.europesays.com\/fr\/514307\/","title":{"rendered":"Paris FC &#8211; Rennes\u00a0: A\u00eft-Boudlal suspendu, Frankowski incertain"},"content":{"rendered":"<p>Ligue 1. Paris FC &#8211; Rennes, vendredi (20 h 45)<\/p>\n<p>Averti \u00e0 Toulouse (2-2), Abdelhamid A\u00eft-Boudlal est suspendu, en raison du sursis lev\u00e9 suite \u00e0 son carton rouge re\u00e7u lors de la\u2026 premi\u00e8re journ\u00e9e ! Le Marocain <a href=\"https:\/\/www.letelegramme.fr\/sports\/football\/une-tribune-en-sursis-au-moustoir-les-brestois-interdits-de-deplacement-ait-boudlal-suspendu-la-commission-de-la-lfp-a-rendu-son-verdict-6919440.php\" target=\"_blank\" rel=\"nofollow noopener\">avait \u00e9cop\u00e9 de deux matchs fermes et un avec sursis<\/a>. Il devrait \u00eatre suppl\u00e9\u00e9 par Rouault, dans la ligne d\u00e9fensive axiale \u00e0 trois.<\/p>\n<p>\u00c9l\u00e9ment fort ces derniers temps, Frankowski est, lui, incertain, en raison d\u2019une \u00ab tension musculaire apr\u00e8s deux matches rapproch\u00e9s \u00bb, quand l\u2019ailier Mukiele est forfait.<\/p>\n<p class=\"tech\"><strong class=\"tech\">L\u2019\u00e9quipe probable<\/strong> : Samba &#8211; Rouault, Jacquet, Brassier &#8211; Frankowski, Ma. Camara, Rongier, Dj. Ciss\u00e9, Al-Tamari &#8211; Me\u00eft\u00e9, Lepaul. Entra\u00eeneur : Habib Beye.<\/p>\n","protected":false},"excerpt":{"rendered":"Ligue 1. Paris FC &#8211; Rennes, vendredi (20 h 45) Averti \u00e0 Toulouse (2-2), Abdelhamid A\u00eft-Boudlal est suspendu,&hellip;\n","protected":false},"author":2,"featured_media":514308,"comment_status":"","ping_status":"","sticky":false,"template":"","format":"standard","meta":{"footnotes":""},"categories":[2821],"tags":[1111,11,829,3166,1777,674,63,1011,27,66,12,584,25,60,3087],"class_list":{"0":"post-514307","1":"post","2":"type-post","3":"status-publish","4":"format-standard","5":"has-post-thumbnail","7":"category-rennes","8":"tag-actu","9":"tag-actualites","10":"tag-bretagne","11":"tag-en-continu-sports","12":"tag-eu","13":"tag-europe","14":"tag-football","15":"tag-fr","16":"tag-france","17":"tag-ligue-1","18":"tag-news","19":"tag-rennes","20":"tag-republique-francaise","21":"tag-sports","22":"tag-stade-rennais"},"share_on_mastodon":{"url":"https:\/\/pubeurope.com\/@fr\/115498986050281370","error":""},"_links":{"self":[{"href":"https:\/\/www.europesays.com\/fr\/wp-json\/wp\/v2\/posts\/514307","targetHints":{"allow":["GET"]}}],"collection":[{"href":"https:\/\/www.europesays.com\/fr\/wp-json\/wp\/v2\/posts"}],"about":[{"href":"https:\/\/www.europesays.com\/fr\/wp-json\/wp\/v2\/types\/post"}],"author":[{"embeddable":true,"href":"https:\/\/www.europesays.com\/fr\/wp-json\/wp\/v2\/users\/2"}],"replies":[{"embeddable":true,"href":"https:\/\/www.europesays.com\/fr\/wp-json\/wp\/v2\/comments?post=514307"}],"version-history":[{"count":0,"href":"https:\/\/www.europesays.com\/fr\/wp-json\/wp\/v2\/posts\/514307\/revisions"}],"wp:featuredmedia":[{"embeddable":true,"href":"https:\/\/www.europesays.com\/fr\/wp-json\/wp\/v2\/media\/514308"}],"wp:attachment":[{"href":"https:\/\/www.europesays.com\/fr\/wp-json\/wp\/v2\/media?parent=514307"}],"wp:term":[{"taxonomy":"category","embeddable":true,"href":"https:\/\/www.europesays.com\/fr\/wp-json\/wp\/v2\/categories?post=514307"},{"taxonomy":"post_tag","embeddable":true,"href":"https:\/\/www.europesays.com\/fr\/wp-json\/wp\/v2\/tags?post=514307"}],"curies":[{"name":"wp","href":"https:\/\/api.w.org\/{rel}","templated":true}]}}