{"id":514309,"date":"2025-11-05T20:30:15","date_gmt":"2025-11-05T20:30:15","guid":{"rendered":"https:\/\/www.europesays.com\/fr\/514309\/"},"modified":"2025-11-05T20:30:15","modified_gmt":"2025-11-05T20:30:15","slug":"les-professionnels-de-la-cigarette-electronique-manifestent-a-strasbourg","status":"publish","type":"post","link":"https:\/\/www.europesays.com\/fr\/514309\/","title":{"rendered":"les professionnels de la cigarette \u00e9lectronique manifestent \u00e0 Strasbourg"},"content":{"rendered":"<p>Dans le cadre d\u2019une journ\u00e9e d\u2019action nationale coordonn\u00e9e par la F\u00e9d\u00e9ration interprofessionnelle de la cigarette \u00e9lectronique (FIVAPE), pr\u00e8s de 150 salari\u00e9s de la fili\u00e8re du vapotage et g\u00e9rants de boutiques sp\u00e9cialis\u00e9es du Grand Est ont converg\u00e9 ce mercredi 5\u00a0novembre matin vers la place Kl\u00e9ber \u00e0 Strasbourg pour exprimer leur m\u00e9contentement concernant <a href=\"https:\/\/www.dna.fr\/economie\/2025\/10\/16\/budget-2026-taxe-sur-le-vapotage-sur-les-petits-colis-ces-mesures-qui-peseront-sur-les-francais\" target=\"_blank\" rel=\"nofollow noopener\">l\u2019article\u00a023 du projet de loi de finances 2026<\/a> et exiger son retrait. Pendant deux heures, les professionnels, munis de pancartes \u00ab\u00a0Ne tuez pas la vape\u00a0\u00bb, ont scand\u00e9 des slogans, distribu\u00e9 des tracts et inform\u00e9 les passants vapoteurs sur les raisons de leur mobilisation.<\/p>\n<p>\u00ab\u00a0L\u2019article concern\u00e9 pr\u00e9voit d\u2019assimiler la vape au tabac. Il pr\u00e9voit ainsi d\u2019instaurer une nouvelle taxe sur les liquides de recharge des cigarettes \u00e9lectroniques, l\u2019interdiction de la vente en ligne et l\u2019alignement des boutiques sur le r\u00e9gime des d\u00e9bits de tabac, ce qui constituera un bouleversement total pour la fili\u00e8re et menacerait 20\u00a0000 emplois au sein d\u2019entreprises qui sont ind\u00e9pendantes de l\u2019industrie du tabac\u00a0\u00bb, a alert\u00e9 Ald\u00e9ric Jouanny, repr\u00e9sentant local de la FIVAPE. \u00ab\u00a0On mise sur les amendements qui ont \u00e9t\u00e9 d\u00e9pos\u00e9s pour obtenir gain de cause. Ils portent sur le retrait int\u00e9gral de l\u2019article de la loi de finances et sur le retrait des produits du vapotage du champ de l\u2019article\u00a023\u00a0\u00bb.<\/p>\n","protected":false},"excerpt":{"rendered":"Dans le cadre d\u2019une journ\u00e9e d\u2019action nationale coordonn\u00e9e par la F\u00e9d\u00e9ration interprofessionnelle de la cigarette \u00e9lectronique (FIVAPE), pr\u00e8s&hellip;\n","protected":false},"author":2,"featured_media":514310,"comment_status":"","ping_status":"","sticky":false,"template":"","format":"standard","meta":{"footnotes":""},"categories":[2820],"tags":[1111,11,2389,2649,33,2880,1777,674,107,1011,27,775,12,25,801,640,2879],"class_list":{"0":"post-514309","1":"post","2":"type-post","3":"status-publish","4":"format-standard","5":"has-post-thumbnail","7":"category-strasbourg","8":"tag-actu","9":"tag-actualites","10":"tag-alsace","11":"tag-bas-rhin","12":"tag-economie","13":"tag-edition-strasbourg","14":"tag-eu","15":"tag-europe","16":"tag-fil-info","17":"tag-fr","18":"tag-france","19":"tag-grand-est","20":"tag-news","21":"tag-republique-francaise","22":"tag-social","23":"tag-strasbourg","24":"tag-strasbourg-ville"},"share_on_mastodon":{"url":"https:\/\/pubeurope.com\/@fr\/115498989995001356","error":""},"_links":{"self":[{"href":"https:\/\/www.europesays.com\/fr\/wp-json\/wp\/v2\/posts\/514309","targetHints":{"allow":["GET"]}}],"collection":[{"href":"https:\/\/www.europesays.com\/fr\/wp-json\/wp\/v2\/posts"}],"about":[{"href":"https:\/\/www.europesays.com\/fr\/wp-json\/wp\/v2\/types\/post"}],"author":[{"embeddable":true,"href":"https:\/\/www.europesays.com\/fr\/wp-json\/wp\/v2\/users\/2"}],"replies":[{"embeddable":true,"href":"https:\/\/www.europesays.com\/fr\/wp-json\/wp\/v2\/comments?post=514309"}],"version-history":[{"count":0,"href":"https:\/\/www.europesays.com\/fr\/wp-json\/wp\/v2\/posts\/514309\/revisions"}],"wp:featuredmedia":[{"embeddable":true,"href":"https:\/\/www.europesays.com\/fr\/wp-json\/wp\/v2\/media\/514310"}],"wp:attachment":[{"href":"https:\/\/www.europesays.com\/fr\/wp-json\/wp\/v2\/media?parent=514309"}],"wp:term":[{"taxonomy":"category","embeddable":true,"href":"https:\/\/www.europesays.com\/fr\/wp-json\/wp\/v2\/categories?post=514309"},{"taxonomy":"post_tag","embeddable":true,"href":"https:\/\/www.europesays.com\/fr\/wp-json\/wp\/v2\/tags?post=514309"}],"curies":[{"name":"wp","href":"https:\/\/api.w.org\/{rel}","templated":true}]}}