{"id":514317,"date":"2025-11-05T20:34:15","date_gmt":"2025-11-05T20:34:15","guid":{"rendered":"https:\/\/www.europesays.com\/fr\/514317\/"},"modified":"2025-11-05T20:34:15","modified_gmt":"2025-11-05T20:34:15","slug":"ou-en-est-on-vingt-ans-apres-la-loi-de-2005-une-conference-sur-le-handicap-organisee-a","status":"publish","type":"post","link":"https:\/\/www.europesays.com\/fr\/514317\/","title":{"rendered":"O\u00f9 en est-on vingt ans apr\u00e8s la loi de 2005\u00a0? Une conf\u00e9rence sur le handicap organis\u00e9e \u00e0"},"content":{"rendered":"<p>Le CCAPH <a href=\"https:\/\/metropole.nantes.fr\/associations\/annuaire-des-associations-nantaises\/comite-de-coordination-des-associations-pour-personnes-handicapees-de-loire-altantique\" target=\"_self\" rel=\"nofollow noopener\">(Comit\u00e9 de coordination des associations de personnes handicap\u00e9es de Loire-Atlantique)<\/a> organise une conf\u00e9rence-d\u00e9bat jeudi 6\u00a0novembre 2025 autour du th\u00e8me \u00ab\u00a0Handicap &#8211; 20\u00a0ans apr\u00e8s la loi 2005 &#8211; A-t-on vraiment r\u00e9ussi \u00e0 faire soci\u00e9t\u00e9\u00a0?\u00a0\u00bb.<\/p>\n<p>\u00ab\u00a0Vingt\u00a0ans apr\u00e8s la loi de 2005\u00a0\u00bb<\/p>\n<p> \u00a0Vingt\u00a0ans apr\u00e8s la<a href=\"https:\/\/www.monparcourshandicap.gouv.fr\/glossaire\/loi-handicap-2005\" target=\"_self\" rel=\"nofollow noopener\"> loi de 2005,<\/a> qui r\u00e9affirmait l\u2019importance de garantir les m\u00eames droits aux personnes en situation de handicap, le constat reste le m\u00eame\u00a0: trop souvent, ces personnes sont mises \u00e0 l\u2019\u00e9cart d\u2019une r\u00e9elle participation \u00e0 la vie collective. Les obstacles s\u2019accumulent et freinent l\u2019inclusion inconditionnelle que nous esp\u00e9rions\u00a0\u00bb, indique le comit\u00e9, \u00a0au-del\u00e0 du droit, comment permettre aux personnes en situation de handicap de vivre pleinement leur vie d\u2019hommes et de femmes citoyens, citoyennes de notre soci\u00e9t\u00e9\u00a0? Comment leur permettre de vivre dans la soci\u00e9t\u00e9 avec la m\u00eame libert\u00e9 de choix\u00a0? La vision encore tr\u00e8s sanitaire du handicap est-elle un frein \u00e0 l\u2019am\u00e9nagement de notre soci\u00e9t\u00e9\u00a0? Des r\u00e9ponses, pens\u00e9es et port\u00e9es par des personnes valides, emp\u00eachent-elles l\u2019inclusion\u00a0?\u00a0 <\/p>\n<p>Diff\u00e9rents intervenants<\/p>\n<p>C\u2019est pour tenter de r\u00e9pondre \u00e0 ces questions que le CCAPH invite \u00e0 cette conf\u00e9rence anim\u00e9e par Florence Pagneux, journaliste \u00e0 la Croix. Des intervenants de diff\u00e9rents horizons seront pr\u00e9sents, notamment Romuald Bodin\u00a0: sociologue, qui parlera de \u00ab\u00a0L\u2019institution du Handicap\u00a0\u00bb\u00a0; Claire Tramier\u00a0: maire, vice-pr\u00e9sidente du<a href=\"https:\/\/www.loire-atlantique.fr\/44\/accueil\/c_1155312\" target=\"_self\" rel=\"nofollow noopener\"> Conseil d\u00e9partemental de Loire-Atlantique\u00a0;<\/a> Gildas Begrain\u00a0: Chercheur au <a href=\"https:\/\/www.cnrs.fr\/fr\" target=\"_self\" rel=\"nofollow noopener\">CNRS<\/a>\u00a0; Ombeline Accarion\u00a0: vice-pr\u00e9sidente au conseil d\u00e9partemental de Loire-Atlantique et plusieurs personnes en situation de handicap.<\/p>\n<p>C\u2019est organis\u00e9 ce jeudi 6\u00a0novembre 2025 de 18\u00a0h\u00a030 \u00e0 21\u00a0h\u00a030 (accueil \u00e0 partir de 18\u00a0h), salle Nantes Erdre, 251,\u00a0route de Saint-Joseph, 44300 Nantes Conf\u00e9rence ouverte \u00e0 tous. Sur inscription\u00a0: <a href=\"https:\/\/forms.office.com\/pages\/responsepage.aspx?id=SNEkSwMH2k2SUHg5LwUhbbmDkvszCtBJnJxWMCH9luFURTNNNFoyS0lYUVNHNk5HVUVKQktVSVVEMC4u&amp;route=shorturl\" target=\"_self\" rel=\"nofollow noopener\">https:\/\/forms.office.com\/e\/h5YEDZXMW0<\/a><\/p>\n<p>\u00a0<\/p>\n","protected":false},"excerpt":{"rendered":"Le CCAPH (Comit\u00e9 de coordination des associations de personnes handicap\u00e9es de Loire-Atlantique) organise une conf\u00e9rence-d\u00e9bat jeudi 6\u00a0novembre 2025&hellip;\n","protected":false},"author":2,"featured_media":514318,"comment_status":"","ping_status":"","sticky":false,"template":"","format":"standard","meta":{"footnotes":""},"categories":[2818],"tags":[63487,1111,11,1764,6211,63486,1777,674,1011,27,1943,420,766,12,11367,2636,25],"class_list":{"0":"post-514317","1":"post","2":"type-post","3":"status-publish","4":"format-standard","5":"has-post-thumbnail","7":"category-nantes","8":"tag-63487","9":"tag-actu","10":"tag-actualites","11":"tag-ans","12":"tag-conference","13":"tag-est-on","14":"tag-eu","15":"tag-europe","16":"tag-fr","17":"tag-france","18":"tag-handicap","19":"tag-loi","20":"tag-nantes","21":"tag-news","22":"tag-organisee","23":"tag-pays-de-la-loire","24":"tag-republique-francaise"},"share_on_mastodon":{"url":"https:\/\/pubeurope.com\/@fr\/115499005781713698","error":""},"_links":{"self":[{"href":"https:\/\/www.europesays.com\/fr\/wp-json\/wp\/v2\/posts\/514317","targetHints":{"allow":["GET"]}}],"collection":[{"href":"https:\/\/www.europesays.com\/fr\/wp-json\/wp\/v2\/posts"}],"about":[{"href":"https:\/\/www.europesays.com\/fr\/wp-json\/wp\/v2\/types\/post"}],"author":[{"embeddable":true,"href":"https:\/\/www.europesays.com\/fr\/wp-json\/wp\/v2\/users\/2"}],"replies":[{"embeddable":true,"href":"https:\/\/www.europesays.com\/fr\/wp-json\/wp\/v2\/comments?post=514317"}],"version-history":[{"count":0,"href":"https:\/\/www.europesays.com\/fr\/wp-json\/wp\/v2\/posts\/514317\/revisions"}],"wp:featuredmedia":[{"embeddable":true,"href":"https:\/\/www.europesays.com\/fr\/wp-json\/wp\/v2\/media\/514318"}],"wp:attachment":[{"href":"https:\/\/www.europesays.com\/fr\/wp-json\/wp\/v2\/media?parent=514317"}],"wp:term":[{"taxonomy":"category","embeddable":true,"href":"https:\/\/www.europesays.com\/fr\/wp-json\/wp\/v2\/categories?post=514317"},{"taxonomy":"post_tag","embeddable":true,"href":"https:\/\/www.europesays.com\/fr\/wp-json\/wp\/v2\/tags?post=514317"}],"curies":[{"name":"wp","href":"https:\/\/api.w.org\/{rel}","templated":true}]}}