{"id":514325,"date":"2025-11-05T20:38:11","date_gmt":"2025-11-05T20:38:11","guid":{"rendered":"https:\/\/www.europesays.com\/fr\/514325\/"},"modified":"2025-11-05T20:38:11","modified_gmt":"2025-11-05T20:38:11","slug":"toulouse-le-nouveau-restaurant-qui-remplace-lancien-mcdo-de-jeanne-darc-va-bientot-ouvrir-voici-la-date","status":"publish","type":"post","link":"https:\/\/www.europesays.com\/fr\/514325\/","title":{"rendered":"Toulouse. Le nouveau restaurant qui remplace l&rsquo;ancien McDo de Jeanne d&rsquo;Arc va bient\u00f4t ouvrir : voici la date"},"content":{"rendered":"<p>            Par<br \/>\n        <strong><br \/>\n            <a href=\"https:\/\/actu.fr\/auteur\/mareva-laville-actu-fr\" title=\"Consulter tous les articles de Mar\u00e9va Laville\" target=\"_blank\" rel=\"noopener\">Mar\u00e9va Laville<\/a><br \/>\n        <\/strong><\/p>\n<p>        Publi\u00e9 le<\/p>\n<p>            5 nov. 2025 \u00e0 19h58        <\/p>\n<p>C\u2019est \u00e9crit tout en attach\u00e9, mais il se prononce <strong>\u00ab\u2009G La Dalle\u2009\u00bb.<\/strong> La cha\u00eene de fast-food <strong>d\u00e9barque \u00e0 <a href=\"http:\/\/www.actu.fr\/toulouse\" target=\"_blank\" rel=\"noopener\">Toulouse<\/a><\/strong> et inaugure <strong>mercredi 12\u00a0novembre 2025,<\/strong> le tout premier restaurant de l\u2019enseigne dans la Ville rose et le troisi\u00e8me en <a href=\"http:\/\/www.actu.fr\/occitanie\" target=\"_blank\" rel=\"noopener\">Occitanie<\/a>, apr\u00e8s Juvignac (H\u00e9rault) et N\u00eemes (Gard).<\/p>\n<p>Gladalle ouvre \u00e0 la place de l\u2019ancien McDo mi-novembre<\/p>\n<p class=\" wall-content\"><a href=\"https:\/\/actu.fr\/occitanie\/toulouse_31555\/toulouse-cette-nouvelle-enseigne-va-remplacer-le-mcdo-de-jeanne-d-arc-en-2025_62035733.html\" target=\"_blank\" rel=\"noopener\">Comme l\u2019annon\u00e7ait Actu Toulouse l\u2019an pass\u00e9,<\/a> le restaurant prend la place de l\u2019ancien McDonald\u2019s de Jeanne d\u2019Arc, \u00e0 deux pas du m\u00e9tro et de la rue Alsace-Lorraine. Le fameux McDo qui avait d\u00e9fray\u00e9 la chronique deux ans plus t\u00f4t. <a href=\"https:\/\/actu.fr\/occitanie\/toulouse_31555\/info-actu-toulouse-accule-par-les-dealers-un-mcdo-va-fermer-en-centre-ville_60167763.html\" target=\"_blank\" rel=\"noopener\">Fin 2023, son dirigeant, Michel R\u00e9glat, avait mis la cl\u00e9 sous la porte<\/a> \u00e0 cause des dealers qui s\u2019\u00e9taient install\u00e9s devant l\u2019enseigne.<\/p>\n<p>    <a href=\"https:\/\/www.google.com\/maps\/embed?pb=!1m18!1m12!1m3!1d2888.8924038370233!2d1.4426020734218281!3d43.608781855306674!2m3!1f0!2f0!3f0!3m2!1i1024!2i768!4f13.1!3m3!1m2!1s0x12aebc9f855e436d%3A0x53800a8b2abaad8e!2sMcDonald%27s!5e0!3m2!1sfr!2sfr!4v1762350193353!5m2!1sfr!2sfr\" title=\"Ouvrie le lien\" target=\"_blank\" rel=\"noopener\">Cliquez ici pour visualiser le contenu<\/a><\/p>\n<p class=\" wall-content\">Mais de cette menace, le repreneur Khaoussou Djabi n\u2019en a pas \u2013 ou plus \u2013 peur. Ce chef d\u2019entreprise, \u00e0 la t\u00eate notamment du Domino\u2019s Pizza de Compans Caffarelli, est \u00ab<strong>\u2009serein<\/strong>\u2009\u00bb. Son restaurant ouvre m\u00eame \u00e0 10\u00a0jours pr\u00e8s, \u00e0 la m\u00eame date de la fermeture du pr\u00e9c\u00e9dent. Comme pour marquer le coup d\u2019un v\u00e9ritable renouveau.<\/p>\n<blockquote class=\"ac-article-quote wall-content\">\n<p>Depuis cette histoire, il y a eu un gros travail. Il y a des cam\u00e9ras et des camions de CRS stationn\u00e9s r\u00e9guli\u00e8rement sur la place juste en face, donc je me sens en s\u00e9curit\u00e9. Et c&rsquo;est important pour la client\u00e8le !<\/p>\n<p>    <strong>Khaoussou Djabi<\/strong><br \/>\n        g\u00e9rant du Gladalle    <\/p><\/blockquote>\n<p>Ouvert en continu tous les jours<\/p>\n<p class=\" wall-content\">Apr\u00e8s cinq mois de travaux, le restaurant va pouvoir recevoir ses clients de<strong> 11h \u00e0 2h tous les jours,<\/strong> dimanche compris. Ils pourront rester manger sur place, car le franchis\u00e9 de Gladalle a am\u00e9nag\u00e9 \u00e0 l\u2019\u00e9tage <strong>une salle \u00e0 manger avec environ 50 places, <\/strong>et bient\u00f4t, une petite terrasse.<\/p>\n<p>Vid\u00e9os : en ce moment sur Actu<\/p>\n<p class=\" wall-content\">Le rez-de-chauss\u00e9e sera quant \u00e0 lui d\u00e9di\u00e9 \u00e0 la prise de commandes, sur place ou \u00e0 emporter.<\/p>\n<p>    <img   decoding=\"async\" loading=\"lazy\" src=\"https:\/\/www.europesays.com\/fr\/wp-content\/uploads\/2025\/11\/bornes-gladalle-960x640.jpeg\" alt=\"Trois bornes de commande ont \u00e9t\u00e9 install\u00e9es au rez-de-chauss\u00e9.\" width=\"960\" height=\"640\"\/><br \/>\n    Trois bornes de commande ont \u00e9t\u00e9 install\u00e9es au rez-de-chauss\u00e9e. (\u00a9Mar\u00e9va Laville \/ Actu Toulouse)<\/p>\n<p>Votre r\u00e9gion, votre actu !<\/p>\n<p>Recevez chaque jour les infos qui comptent pour vous.<\/p>\n<p>\t<a href=\"https:\/\/actu.fr\/newsletter\" class=\"ac-btn ac-btn--corner ac-btn--medium ac-btn--blue800\" target=\"_blank\" rel=\"noopener\">S&rsquo;incrire<\/a><br \/>\nBurgers, frites et tiramisu dans toutes leurs nuances<\/p>\n<p class=\" wall-content\">C\u00f4t\u00e9 nourriture, Gladalle suit la tendance des principaux fast-foods, mais tire son \u00e9pingle du jeu dans la d\u00e9clinaison.<\/p>\n<p class=\" wall-content\">Le restaurant propose une large gamme de burger. \u00c0 la fois classique, signatures, et m\u00eame en format allong\u00e9 type sandwich. Mais ce qui fait probablement sa notori\u00e9t\u00e9 \u00e0 travers ses 87 \u00e9tablissements en France, ce sont ses \u00ab\u2009furious fries\u2009\u00bb. Cheddar, cheddar crispy, cheddar bacon boeuf, dinde, fromag\u00e8res, fromag\u00e8res crispy bacon dinde\u2026<strong> Une dizaine de frites diff\u00e9rentes<\/strong> compl\u00e8tent le menu.<\/p>\n<p class=\" wall-content\"><a href=\"https:\/\/www.instagram.com\/p\/DPuGFL-jdHd\/embed\" title=\"Ouvrir le lien sur Instagram\" target=\"_blank\" rel=\"noopener\">Visualiser le contenu sur Instagram<\/a><\/p>\n<p class=\" wall-content\">C\u00f4t\u00e9 desserts, outre les classiques milkshakes, sundae, tartes et glaces, Gladalle vend toute une vari\u00e9t\u00e9 de.. <strong>tiramisu<\/strong>\u2009! Framboise, daim caramel, Nutella, mangue, pistache-framboise, Oreo\u2026 Les amateurs auront de quoi varier les plaisirs.<\/p>\n<p>Des emplois \u00e0 prendre, surtout pour les jeunes<\/p>\n<p class=\" wall-content\">De quoi bien occuper les \u00e9quipes en cuisine et au service. Pour faire tourner sa nouvelle affaire, Khaoussou Djabi<strong> emploie entre 20 et 30\u00a0personnes.<\/strong> <strong>\u00ab\u2009Les candidatures sont d\u2019ailleurs encore ouvertes\u2009\u00bb,<\/strong> pr\u00e9cise-t-il.<\/p>\n<p class=\" wall-content\">Les contrats propos\u00e9s vont du temps plein ou temps partiel, en passant par l\u2019alternance. \u00ab\u2009On va pouvoir donner des<strong> emplois \u00e0 des jeunes<\/strong>\u2009\u00bb, sourit l\u2019entrepreneur qui a lui-m\u00eame commenc\u00e9 en tant que livreur dans la restauration en parall\u00e8le de ses \u00e9tudes d\u2019ing\u00e9nieur.<\/p>\n<p class=\" wall-content\">\u00ab\u2009J\u2019ai pu \u00e9voluer ensuite au sein de la cha\u00eene et voil\u00e0 o\u00f9 j\u2019en suis aujourd\u2019hui. Comme quoi, c\u2019est possible\u2009!\u2009\u00bb Et comme quoi, l\u2019ancien McDo accul\u00e9 par les trafiquants de drogue a le droit, en quelque sorte, \u00e0 une renaissance.<\/p>\n<p><strong>Gladalle<\/strong><br \/>41 Boulevard de Strasbourg<br \/>Ouvert 7\u00a0jours sur 7, en continu de 11h \u00e0 2h<br \/>Prix\u2009: entre 7,50\u20ac et 12,90\u20ac le menu, avec une moyenne de 9\u20ac sur des sandwichs classiques.<\/p>\n<p class=\" wall-content\">Personnalisez votre actualit\u00e9 en ajoutant vos villes et m\u00e9dias en favori avec <a href=\"https:\/\/moncompte.actu.fr\" title=\"D\u00e9couvez Mon Actu\" rel=\"nofollow noopener\" data-trk=\"{&quot;cta&quot;:{&quot;action&quot;:&quot;https:\\\/\\\/moncompte.actu.fr&quot;,&quot;category&quot;:&quot;mon compte&quot;,&quot;from&quot;:&quot;article footer&quot;,&quot;name&quot;:&quot;Mon actu&quot;,&quot;type&quot;:&quot;cta&quot;}}\" target=\"_blank\">Mon Actu<\/a>.<\/p>\n<p>                    <script async src=\"\/\/www.instagram.com\/embed.js\"><\/script><\/p>\n","protected":false},"excerpt":{"rendered":"Par Mar\u00e9va Laville Publi\u00e9 le 5 nov. 2025 \u00e0 19h58 C\u2019est \u00e9crit tout en attach\u00e9, mais il se&hellip;\n","protected":false},"author":2,"featured_media":514326,"comment_status":"","ping_status":"","sticky":false,"template":"","format":"standard","meta":{"footnotes":""},"categories":[2816],"tags":[1111,11,1777,674,1011,27,12,2680,25,2850,104,2312],"class_list":{"0":"post-514325","1":"post","2":"type-post","3":"status-publish","4":"format-standard","5":"has-post-thumbnail","7":"category-toulouse","8":"tag-actu","9":"tag-actualites","10":"tag-eu","11":"tag-europe","12":"tag-fr","13":"tag-france","14":"tag-news","15":"tag-occitanie","16":"tag-republique-francaise","17":"tag-restaurants-de-toulouse","18":"tag-societe","19":"tag-toulouse"},"share_on_mastodon":{"url":"https:\/\/pubeurope.com\/@fr\/115499021453926961","error":""},"_links":{"self":[{"href":"https:\/\/www.europesays.com\/fr\/wp-json\/wp\/v2\/posts\/514325","targetHints":{"allow":["GET"]}}],"collection":[{"href":"https:\/\/www.europesays.com\/fr\/wp-json\/wp\/v2\/posts"}],"about":[{"href":"https:\/\/www.europesays.com\/fr\/wp-json\/wp\/v2\/types\/post"}],"author":[{"embeddable":true,"href":"https:\/\/www.europesays.com\/fr\/wp-json\/wp\/v2\/users\/2"}],"replies":[{"embeddable":true,"href":"https:\/\/www.europesays.com\/fr\/wp-json\/wp\/v2\/comments?post=514325"}],"version-history":[{"count":0,"href":"https:\/\/www.europesays.com\/fr\/wp-json\/wp\/v2\/posts\/514325\/revisions"}],"wp:featuredmedia":[{"embeddable":true,"href":"https:\/\/www.europesays.com\/fr\/wp-json\/wp\/v2\/media\/514326"}],"wp:attachment":[{"href":"https:\/\/www.europesays.com\/fr\/wp-json\/wp\/v2\/media?parent=514325"}],"wp:term":[{"taxonomy":"category","embeddable":true,"href":"https:\/\/www.europesays.com\/fr\/wp-json\/wp\/v2\/categories?post=514325"},{"taxonomy":"post_tag","embeddable":true,"href":"https:\/\/www.europesays.com\/fr\/wp-json\/wp\/v2\/tags?post=514325"}],"curies":[{"name":"wp","href":"https:\/\/api.w.org\/{rel}","templated":true}]}}