{"id":514333,"date":"2025-11-05T20:42:12","date_gmt":"2025-11-05T20:42:12","guid":{"rendered":"https:\/\/www.europesays.com\/fr\/514333\/"},"modified":"2025-11-05T20:42:12","modified_gmt":"2025-11-05T20:42:12","slug":"ivre-au-volant-dune-voiture-volee-et-en-possession-dun-couteau-a-marseille","status":"publish","type":"post","link":"https:\/\/www.europesays.com\/fr\/514333\/","title":{"rendered":"Ivre, au volant d&rsquo;une voiture vol\u00e9e et en possession d&rsquo;un couteau \u00e0 Marseille"},"content":{"rendered":"<p>C&rsquo;est une combinaison de d\u00e9lit et d&rsquo;infraction qui a valu \u00e0 un automobiliste et \u00e0 son passager d&rsquo;\u00eatre interpell\u00e9s \u00e0 l&rsquo;issue d&rsquo;un contr\u00f4le de police dans la nuit de mardi\u00a04 au mercredi\u00a05 dans le 14e arrondissement de Marseille.<\/p>\n<p>Il est 2\u00a0heures du matin ce mercredi, lorsqu&rsquo;un \u00e9quipage de Police Secours de la <a href=\"https:\/\/www.laprovence.com\/article\/faits-divers-justice\/1307159319145514\/marseille-a-la-division-nord-des-policiers-a-l-avant-poste-dune-republique-qui-se-bat\" target=\"_blank\" rel=\"noopener\">division Nord<\/a> qui patrouillait avenue du <a href=\"https:\/\/www.laprovence.com\/article\/region\/2730619860470214\/quartiers-de-marseille-le-merlan-par-ceux-qui-y-vivent-et-y-travaillent\" target=\"_blank\" rel=\"noopener\">Merlan<\/a>, avise, puis intercepte, avec un certain flair, un v\u00e9hicule avec deux individus \u00e0 son bord.<\/p>\n<p>Le v\u00e9hicule avait \u00e9t\u00e9 vol\u00e9 en Espagne<\/p>\n<p>Au volant, le conducteur pr\u00e9sente des papiers qui ne collent pas. Les <a href=\"https:\/\/www.laprovence.com\/article\/faits-divers-justice\/3237825034110914\/partis-en-vacances-en-espagne-en-voiture-ils-rentre-en-avion-apres-le-vol-de-leurs-plaques-dimmatriculation\" target=\"_blank\" rel=\"noopener\">plaques d&rsquo;immatriculation<\/a> dont est affubl\u00e9 le v\u00e9hicule ne correspondent pas au num\u00e9ro de s\u00e9rie de la voiture.<\/p>\n<p>Devant cette bizarrerie, les fonctionnaires effectuent des recherches plus avant et d\u00e9couvrent alors qu&rsquo;au fichier, le v\u00e9hicule ressort vol\u00e9 en <a href=\"https:\/\/www.laprovence.com\/article\/faits-divers-justice\/76426609381239\/cavale-en-espagne-et-interpellations-ratees-au-proces-du-meurtre-de-la-paternelle-a-marseille-recit-d-une-traque\" target=\"_blank\" rel=\"noopener\">Espagne<\/a>. \u00c0 ce d\u00e9lit, l&rsquo;automobiliste en ajoute un autre\u00a0: il est alcoolis\u00e9. Quant \u00e0 son passager, auquel se sont simultan\u00e9ment int\u00e9ress\u00e9s les policiers, il est d\u00e9couvert porteur d&rsquo;un couteau.<\/p>\n<p>Les deux hommes, respectivement \u00e2g\u00e9s de 45 et 40 ans, ont \u00e9t\u00e9 interpell\u00e9s avant d&rsquo;\u00eatre ramen\u00e9s dans les locaux de la division Nord, o\u00f9 ils ont \u00e9t\u00e9 plac\u00e9s en garde \u00e0 vue.<\/p>\n","protected":false},"excerpt":{"rendered":"C&rsquo;est une combinaison de d\u00e9lit et d&rsquo;infraction qui a valu \u00e0 un automobiliste et \u00e0 son passager d&rsquo;\u00eatre&hellip;\n","protected":false},"author":2,"featured_media":514334,"comment_status":"","ping_status":"","sticky":false,"template":"","format":"standard","meta":{"footnotes":""},"categories":[2814],"tags":[17,1111,11,1102,2837,4440,1777,674,274,1011,27,12331,884,12,61589,882,25,4752,9818,9819],"class_list":{"0":"post-514333","1":"post","2":"type-post","3":"status-publish","4":"format-standard","5":"has-post-thumbnail","7":"category-marseille","8":"tag-17","9":"tag-actu","10":"tag-actualites","11":"tag-breakingnews","12":"tag-dun","13":"tag-dune","14":"tag-eu","15":"tag-europe","16":"tag-faits-divers-justice","17":"tag-fr","18":"tag-france","19":"tag-ivre","20":"tag-marseille","21":"tag-news","22":"tag-possession","23":"tag-provence-alpes-cote-dazur","24":"tag-republique-francaise","25":"tag-voiture","26":"tag-volant","27":"tag-volee"},"share_on_mastodon":{"url":"https:\/\/pubeurope.com\/@fr\/115499037117242557","error":""},"_links":{"self":[{"href":"https:\/\/www.europesays.com\/fr\/wp-json\/wp\/v2\/posts\/514333","targetHints":{"allow":["GET"]}}],"collection":[{"href":"https:\/\/www.europesays.com\/fr\/wp-json\/wp\/v2\/posts"}],"about":[{"href":"https:\/\/www.europesays.com\/fr\/wp-json\/wp\/v2\/types\/post"}],"author":[{"embeddable":true,"href":"https:\/\/www.europesays.com\/fr\/wp-json\/wp\/v2\/users\/2"}],"replies":[{"embeddable":true,"href":"https:\/\/www.europesays.com\/fr\/wp-json\/wp\/v2\/comments?post=514333"}],"version-history":[{"count":0,"href":"https:\/\/www.europesays.com\/fr\/wp-json\/wp\/v2\/posts\/514333\/revisions"}],"wp:featuredmedia":[{"embeddable":true,"href":"https:\/\/www.europesays.com\/fr\/wp-json\/wp\/v2\/media\/514334"}],"wp:attachment":[{"href":"https:\/\/www.europesays.com\/fr\/wp-json\/wp\/v2\/media?parent=514333"}],"wp:term":[{"taxonomy":"category","embeddable":true,"href":"https:\/\/www.europesays.com\/fr\/wp-json\/wp\/v2\/categories?post=514333"},{"taxonomy":"post_tag","embeddable":true,"href":"https:\/\/www.europesays.com\/fr\/wp-json\/wp\/v2\/tags?post=514333"}],"curies":[{"name":"wp","href":"https:\/\/api.w.org\/{rel}","templated":true}]}}