{"id":514350,"date":"2025-11-05T20:52:13","date_gmt":"2025-11-05T20:52:13","guid":{"rendered":"https:\/\/www.europesays.com\/fr\/514350\/"},"modified":"2025-11-05T20:52:13","modified_gmt":"2025-11-05T20:52:13","slug":"vladimir-poutine-evoque-la-reprise-des-tests-nucleaires-russes","status":"publish","type":"post","link":"https:\/\/www.europesays.com\/fr\/514350\/","title":{"rendered":"Vladimir Poutine \u00e9voque la reprise des tests nucl\u00e9aires russes"},"content":{"rendered":"<p>\n    <strong>D\u00c9CRYPTAGE <\/strong>&#8211; Le chef du Kremlin a ordonn\u00e9 mercredi des pr\u00e9paratifs en vue d\u2019une possible reprise \u00e0 terme des essais nucl\u00e9aires &#8211; ce qui constituerait une premi\u00e8re depuis 1990 -, en r\u00e9ponse \u00e0 une annonce similaire faite il y a une semaine par Donald Trump.<\/p>\n<p class=\"fig-paragraph\">La r\u00e9action en cha\u00eene des menaces nucl\u00e9aires se poursuit.\u00a0<a href=\"http:\/\/www.lefigaro.fr\/international\/en-reaction-aux-propos-de-donald-trump-vladimir-poutine-envisage-de-reprendre-les-essais-nucleaires-russes-20251105\" data-fig-type=\"NewsFlash\" data-gtm-custom-categorie=\"navigation\" data-gtm-custom-action=\"crossclick\" data-gtm-custom-label=\"Contextuel\" data-gtm-event=\"customEventSPE\" data-fig-domain=\"LEFIGARO\" target=\"_blank\" rel=\"noopener\">Vladimir Poutine<\/a>\u00a0a dit envisager mercredi la reprise des tests nucl\u00e9aires russes, moins d\u2019une semaine\u00a0<a href=\"http:\/\/www.lefigaro.fr\/international\/trump-ordonne-au-pentagone-de-relancer-immediatement-les-essais-des-armes-nucleaires-americaines-20251030\" data-fig-type=\"NewsFlash\" data-gtm-custom-categorie=\"navigation\" data-gtm-custom-action=\"crossclick\" data-gtm-custom-label=\"Contextuel\" data-gtm-event=\"customEventSPE\" data-fig-domain=\"LEFIGARO\" target=\"_blank\" rel=\"noopener\">apr\u00e8s l\u2019annonce de Donald Trump que les \u00c9tats-Unis allaient faire de m\u00eame<\/a>. Des d\u00e9clarations am\u00e9ricaines jug\u00e9es \u00ab s\u00e9rieuses\u00a0\u00bb par le chef du Kremlin qui a demand\u00e9, lors d\u2019une r\u00e9union du Conseil de s\u00e9curit\u00e9 russe, de \u00ab tout mettre \u0153uvre pour r\u00e9unir des informations suppl\u00e9mentaires (\u2026) et de pr\u00e9senter des propositions concert\u00e9es sur le lancement \u00e9ventuel de travaux pr\u00e9paratoires en vue d\u2019essais nucl\u00e9aires\u00a0\u00bb.<\/p>\n<p class=\"fig-paragraph\">La Russie \u00ab a toujours respect\u00e9 scrupuleusement ses obligations au titre du Trait\u00e9 d\u2019interdiction compl\u00e8te des essais nucl\u00e9aires\u00a0\u00bb (le Tice, \u00e0 propos duquel Moscou a pourtant r\u00e9voqu\u00e9 sa ratification, en octobre 2023, NDLR), a affirm\u00e9 M. Poutine, dont les propos ont \u00e9t\u00e9 rapport\u00e9s par la t\u00e9l\u00e9vision et qui a ajout\u00e9 que \u00ab si les \u00c9tats-Unis ou d\u2019autres \u00c9tats parties au Trait\u00e9 proc\u00e9daient \u00e0 de tels essais, la Russie serait\u2026<\/p>\n<p class=\"fig-premium-paywall__infos\">\n        Cet article est r\u00e9serv\u00e9 aux abonn\u00e9s.        Il vous reste 80% \u00e0 d\u00e9couvrir.\n    <\/p>\n<p>                <img  data- alt=\"Le Figaro\" class=\"fig-img--complete fig-img\"\/><\/p>\n<p class=\"fig-premium-paywall__title\">Vous avez envie de lire la suite ?<\/p>\n<p class=\"fig-premium-paywall__subtitle\">D\u00e9bloquez tous les articles imm\u00e9diatement.<\/p>\n<p class=\"fig-premium-paywall__connect\">\n                D\u00e9j\u00e0 abonn\u00e9\u00a0?                <a class=\"fig-premium-paywall__connect-link\" href=\"https:\/\/connect.lefigaro.fr\/login?client=horizon_web&amp;type=main&amp;redirect_uri=https%3A%2F%2Fwww.lefigaro.fr%2Finternational%2Fpoutine-evoque-la-reprise-des-tests-nucleaires-russes-20251105\" data-js-gtm=\"{&quot;customCategorie&quot;: &quot;conversion&quot;, &quot;customAction&quot;: &quot;before_Landing_Connexion_paywall_auto&quot;, &quot;customLabel&quot;: &quot;bGVmaWdhcm8uZnJfXzFmMGJhODBkLTZiYzItNmZlYy1hZmRjLWJkZWNhNzVhMzlkZl9fQXJ0aWNsZQ==_Vladimir Poutine \u00e9voque la reprise des tests nucl\u00e9aires russes_422&quot;, &quot;customIDSPE&quot;: &quot;bGVmaWdhcm8uZnJfXzFmMGJhODBkLTZiYzItNmZlYy1hZmRjLWJkZWNhNzVhMzlkZl9fQXJ0aWNsZQ==&quot;, &quot;event&quot;: &quot;customEventSPE&quot;}\" target=\"_blank\" rel=\"noopener\"><br \/>\n                    Connectez-vous<br \/>\n                <\/a>\n            <\/p>\n","protected":false},"excerpt":{"rendered":"D\u00c9CRYPTAGE &#8211; Le chef du Kremlin a ordonn\u00e9 mercredi des pr\u00e9paratifs en vue d\u2019une possible reprise \u00e0 terme&hellip;\n","protected":false},"author":2,"featured_media":514351,"comment_status":"","ping_status":"","sticky":false,"template":"","format":"standard","meta":{"footnotes":""},"categories":[1591],"tags":[11,1887,12,1885,1886,132,135],"class_list":{"0":"post-514350","1":"post","2":"type-post","3":"status-publish","4":"format-standard","5":"has-post-thumbnail","7":"category-russie","8":"tag-actualites","9":"tag-federation-de-russie","10":"tag-news","11":"tag-russia","12":"tag-russian-federation","13":"tag-russie","14":"tag-vladimir-poutine"},"share_on_mastodon":{"url":"https:\/\/pubeurope.com\/@fr\/115499076543910218","error":""},"_links":{"self":[{"href":"https:\/\/www.europesays.com\/fr\/wp-json\/wp\/v2\/posts\/514350","targetHints":{"allow":["GET"]}}],"collection":[{"href":"https:\/\/www.europesays.com\/fr\/wp-json\/wp\/v2\/posts"}],"about":[{"href":"https:\/\/www.europesays.com\/fr\/wp-json\/wp\/v2\/types\/post"}],"author":[{"embeddable":true,"href":"https:\/\/www.europesays.com\/fr\/wp-json\/wp\/v2\/users\/2"}],"replies":[{"embeddable":true,"href":"https:\/\/www.europesays.com\/fr\/wp-json\/wp\/v2\/comments?post=514350"}],"version-history":[{"count":0,"href":"https:\/\/www.europesays.com\/fr\/wp-json\/wp\/v2\/posts\/514350\/revisions"}],"wp:featuredmedia":[{"embeddable":true,"href":"https:\/\/www.europesays.com\/fr\/wp-json\/wp\/v2\/media\/514351"}],"wp:attachment":[{"href":"https:\/\/www.europesays.com\/fr\/wp-json\/wp\/v2\/media?parent=514350"}],"wp:term":[{"taxonomy":"category","embeddable":true,"href":"https:\/\/www.europesays.com\/fr\/wp-json\/wp\/v2\/categories?post=514350"},{"taxonomy":"post_tag","embeddable":true,"href":"https:\/\/www.europesays.com\/fr\/wp-json\/wp\/v2\/tags?post=514350"}],"curies":[{"name":"wp","href":"https:\/\/api.w.org\/{rel}","templated":true}]}}