{"id":514358,"date":"2025-11-05T20:56:19","date_gmt":"2025-11-05T20:56:19","guid":{"rendered":"https:\/\/www.europesays.com\/fr\/514358\/"},"modified":"2025-11-05T20:56:19","modified_gmt":"2025-11-05T20:56:19","slug":"simplifier-numeriser-et-optimiser-letat-le-gouvernement-allemand-veut-sattaquer-a-la-bureaucratie","status":"publish","type":"post","link":"https:\/\/www.europesays.com\/fr\/514358\/","title":{"rendered":"\u00ab\u00a0Simplifier, num\u00e9riser et optimiser l\u2019\u00c9tat\u00a0\u00bb\u00a0:\u00a0le gouvernement allemand veut s\u2019attaquer \u00e0 la bureaucratie"},"content":{"rendered":"<p>\n    Berlin s\u2019est lanc\u00e9 dans un \u00ab\u00a0plan concret de r\u00e9duction durable de la bureaucratie\u00a0\u00bb, esp\u00e9rant en tirer des \u00e9conomies substantielles.<\/p>\n<p class=\"fig-paragraph\">Haro sur la bureaucratie outre-Rhin. D\u00e9termin\u00e9e \u00e0 \u00ab\u00a0simplifier, num\u00e9riser et optimiser l\u2019\u00c9tat\u00a0\u00bb, l\u2019Allemagne affiche son ambition d\u2019\u00ab\u00a0all\u00e9ger sensiblement la charge administrative des entreprises, des citoyens et de l\u2019administration\u00a0\u00bb. Pour ce faire, le gouvernement a adopt\u00e9 mercredi un ensemble de mesures, dont la simplification des d\u00e9marches relatives aux\u00a0<a href=\"http:\/\/leparticulier.lefigaro.fr\/jcms\/c_118384\/demarches\/5-outils-numeriques-pour-securiser-vos-documents-d-identite-ou-vos-factures-sensibles-20250927\" data-fig-type=\"Article\" data-gtm-custom-categorie=\"navigation\" data-gtm-custom-action=\"crossclick\" data-gtm-custom-label=\"Contextuel\" data-gtm-event=\"customEventSPE\" data-fig-domain=\"LEPARTICULIER\" target=\"_blank\" rel=\"noopener\">documents d\u2019identit\u00e9<\/a>, la num\u00e9risation des contrats immobiliers, ou la r\u00e9duction de la bureaucratie au sein du minist\u00e8re de l\u2019Int\u00e9rieur. Ces mesures viennent s\u2019ajouter \u00e0 d\u2019autres dispositifs d\u00e9j\u00e0 annonc\u00e9s par la \u00ab\u00a0grande coalition\u00a0\u00bb rassemblant les conservateurs de la CDU-CSU et les sociaux-d\u00e9mocrates du SPD sous la houlette du chancelier Friedrich Merz (CDU), au pouvoir depuis<a href=\"http:\/\/www.lefigaro.fr\/international\/six-mois-a-la-tete-de-l-allemagne-les-paradoxes-de-friedrich-merz-20251105\" target=\"_blank\" data-fig-type=\"Article\" rel=\"noopener\" data-gtm-custom-categorie=\"navigation\" data-gtm-custom-action=\"crossclick\" data-gtm-custom-label=\"Contextuel\" data-gtm-event=\"customEventSPE\" data-fig-domain=\"LEFIGARO\">\u00a0tout juste six mois<\/a>. L\u2019ex\u00e9cutif vise 3\u00a0milliards d\u2019euros d\u2019\u00e9conomie par an. Des d\u00e9rogations au droit de l\u2019urbanisme ont notamment \u00e9t\u00e9 autoris\u00e9es jusqu\u2019\u00e0 fin 2030 afin d\u2019acc\u00e9l\u00e9rer la construction de logements.<\/p>\n<p class=\"fig-body-link\">\n            \u00c0 lire aussi<br \/>\n        <a class=\"fig-body-link__link fig-premium-mark\" href=\"http:\/\/www.lefigaro.fr\/conjoncture\/plus-de-50-000-postes-supprimes-en-un-an-comment-expliquer-une-telle-hecatombe-dans-l-industrie-automobile-allemande-20251022\" data-fig-type=\"Article\" data-gtm-custom-categorie=\"navigation\" data-gtm-custom-action=\"crossclick\" data-gtm-custom-label=\"Contextuel\" data-gtm-event=\"customEventSPE\" data-fig-domain=\"LEFIGARO\" target=\"_blank\" rel=\"noopener\"><\/p>\n<p>        Plus de 50.000 postes supprim\u00e9s en un an\u00a0: comment expliquer une telle h\u00e9catombe dans l\u2019industrie automobile allemande<br \/>\n    <\/a>\n<\/p>\n<p class=\"fig-paragraph\">Avec ce \u00ab\u00a0plan concret de r\u00e9duction durable de la bureaucratie\u00a0\u00bb, comme l\u2019a qualifi\u00e9 le ministre du Num\u00e9rique et de la Modernisation de l\u2019\u00c9tat, Karsten Wildberger, l\u2019Allemagne esp\u00e8re r\u00e9duire les co\u00fbts administratifs pour l\u2019\u00e9conomie de 16\u00a0milliards d\u2019euros et ceux pour les entreprises, les citoyens et l\u2019administration publique de 10\u00a0milliards d\u2019euros. Ce qui contribuerait, selon l\u2019ex\u00e9cutif, \u00e0 \u00ab\u00a0soutenir la reprise \u00e9conomique\u00a0\u00bb du pays. Une n\u00e9cessit\u00e9 alors que la premi\u00e8re \u00e9conomie d\u2019Europe, toujours au ralenti, voit certains de ses piliers,\u00a0comme l\u2019automobile, subir de tr\u00e8s importantes difficult\u00e9s.<\/p>\n","protected":false},"excerpt":{"rendered":"Berlin s\u2019est lanc\u00e9 dans un \u00ab\u00a0plan concret de r\u00e9duction durable de la bureaucratie\u00a0\u00bb, esp\u00e9rant en tirer des \u00e9conomies&hellip;\n","protected":false},"author":2,"featured_media":514359,"comment_status":"","ping_status":"","sticky":false,"template":"","format":"standard","meta":{"footnotes":""},"categories":[1587],"tags":[11,672,1804,1805,1803,33,1777,674,4710,1801,12,1802],"class_list":{"0":"post-514358","1":"post","2":"type-post","3":"status-publish","4":"format-standard","5":"has-post-thumbnail","7":"category-allemagne","8":"tag-actualites","9":"tag-allemagne","10":"tag-bundesrepublik-deutschland","11":"tag-de","12":"tag-deutschland","13":"tag-economie","14":"tag-eu","15":"tag-europe","16":"tag-friedrich-merz","17":"tag-germany","18":"tag-news","19":"tag-republique-federale-dallemagne"},"share_on_mastodon":{"url":"https:\/\/pubeurope.com\/@fr\/115499092144305861","error":""},"_links":{"self":[{"href":"https:\/\/www.europesays.com\/fr\/wp-json\/wp\/v2\/posts\/514358","targetHints":{"allow":["GET"]}}],"collection":[{"href":"https:\/\/www.europesays.com\/fr\/wp-json\/wp\/v2\/posts"}],"about":[{"href":"https:\/\/www.europesays.com\/fr\/wp-json\/wp\/v2\/types\/post"}],"author":[{"embeddable":true,"href":"https:\/\/www.europesays.com\/fr\/wp-json\/wp\/v2\/users\/2"}],"replies":[{"embeddable":true,"href":"https:\/\/www.europesays.com\/fr\/wp-json\/wp\/v2\/comments?post=514358"}],"version-history":[{"count":0,"href":"https:\/\/www.europesays.com\/fr\/wp-json\/wp\/v2\/posts\/514358\/revisions"}],"wp:featuredmedia":[{"embeddable":true,"href":"https:\/\/www.europesays.com\/fr\/wp-json\/wp\/v2\/media\/514359"}],"wp:attachment":[{"href":"https:\/\/www.europesays.com\/fr\/wp-json\/wp\/v2\/media?parent=514358"}],"wp:term":[{"taxonomy":"category","embeddable":true,"href":"https:\/\/www.europesays.com\/fr\/wp-json\/wp\/v2\/categories?post=514358"},{"taxonomy":"post_tag","embeddable":true,"href":"https:\/\/www.europesays.com\/fr\/wp-json\/wp\/v2\/tags?post=514358"}],"curies":[{"name":"wp","href":"https:\/\/api.w.org\/{rel}","templated":true}]}}