{"id":514364,"date":"2025-11-05T20:59:11","date_gmt":"2025-11-05T20:59:11","guid":{"rendered":"https:\/\/www.europesays.com\/fr\/514364\/"},"modified":"2025-11-05T20:59:11","modified_gmt":"2025-11-05T20:59:11","slug":"en-creusant-une-piscine-dans-son-jardin-il-tombe-sur-des-lingots-et-pieces-dor","status":"publish","type":"post","link":"https:\/\/www.europesays.com\/fr\/514364\/","title":{"rendered":"En creusant une piscine dans son jardin, il tombe sur des lingots et pi\u00e8ces d\u2019or"},"content":{"rendered":"<p>Sacr\u00e9e trouvaille. Un habitant de Neuville-sur-Sa\u00f4ne, pr\u00e8s de <a href=\"https:\/\/www.20minutes.fr\/lyon\/\" class=\"c-link c-link--is-underlined\" target=\"_blank\" rel=\"noopener\">Lyon<\/a>, a d\u00e9couvert un v\u00e9ritable tr\u00e9sor en creusant une <a href=\"https:\/\/www.20minutes.fr\/dossier\/piscine\" class=\"c-link c-link--is-underlined\" target=\"_blank\" rel=\"noopener\">piscine<\/a> dans son jardin. Il est tomb\u00e9 sur des lingots et des pi\u00e8ces en or, estim\u00e9s \u00e0 quelque 700.000 euros.<\/p>\n<p>Apr\u00e8s cette d\u00e9couverte, qui remonte au mois de mai, il avait inform\u00e9 les autorit\u00e9s comp\u00e9tentes. Les gendarmes avaient notamment mis dans la boucle la Direction r\u00e9gionale des affaires culturelles (Drac), pr\u00e9cise la mairie de Neuville-sur-Sa\u00f4ne. Les autorit\u00e9s avaient \u00e9cart\u00e9 la piste d\u2019un tr\u00e9sor arch\u00e9ologique, ce qui lui permet de rester propri\u00e9taire du magot.<\/p>\n<p>L\u2019or avait \u00e9t\u00e9 acquis de \u00ab\u00a0fa\u00e7on l\u00e9gale\u00a0\u00bb<\/p>\n<p>Selon <a href=\"https:\/\/www.leprogres.fr\/insolite\/2025\/11\/05\/incroyable-decouverte-il-decouvre-un-magot-en-lingots-d-or-en-creusant-une-piscine-dans-son-jardin\" target=\"_blank\" class=\"c-link c-link--is-underlined\" rel=\"noopener\">Le Progr\u00e8s<\/a>, le tr\u00e9sor se compose de \u00ab\u00a0cinq lingots et de nombreuses pi\u00e8ces\u00a0\u00bb emball\u00e9s dans des sachets de plastique. Les lingots \u00e9tant tous num\u00e9rot\u00e9s, il a \u00e9t\u00e9 facile de remonter jusqu\u2019\u00e0 leur origine. L\u2019or, acquis de \u00ab\u00a0fa\u00e7on l\u00e9gale\u00a0\u00bb d\u2019apr\u00e8s l\u2019enqu\u00eate des gendarmes, avait \u00e9t\u00e9 fondu il y a une \u00ab\u00a0quinzaine ou une vingtaine d\u2019ann\u00e9es\u00a0\u00bb dans une entreprise de la r\u00e9gion lyonnaise.<\/p>\n<\/p>\n<p>L\u2019origine du butin reste un myst\u00e8re, l\u2019ancien propri\u00e9taire du terrain o\u00f9 il a \u00e9t\u00e9 d\u00e9couvert \u00e9tant d\u00e9c\u00e9d\u00e9, selon la mairie de Neuville. Le veinard avait de son c\u00f4t\u00e9 achet\u00e9 le terrain il y a un an. Un achat fructueux.<\/p>\n","protected":false},"excerpt":{"rendered":"Sacr\u00e9e trouvaille. Un habitant de Neuville-sur-Sa\u00f4ne, pr\u00e8s de Lyon, a d\u00e9couvert un v\u00e9ritable tr\u00e9sor en creusant une piscine&hellip;\n","protected":false},"author":2,"featured_media":514365,"comment_status":"","ping_status":"","sticky":false,"template":"","format":"standard","meta":{"footnotes":""},"categories":[2],"tags":[11,1261,2430,1011,27,12,5190,25,2429,2431,104],"class_list":{"0":"post-514364","1":"post","2":"type-post","3":"status-publish","4":"format-standard","5":"has-post-thumbnail","7":"category-actualites","8":"tag-actualites","9":"tag-argent","10":"tag-auvergne-rhone-alpes","11":"tag-fr","12":"tag-france","13":"tag-news","14":"tag-or","15":"tag-republique-francaise","16":"tag-rhone","17":"tag-rhone-alpes","18":"tag-societe"},"share_on_mastodon":{"url":"https:\/\/pubeurope.com\/@fr\/115499104001813010","error":""},"_links":{"self":[{"href":"https:\/\/www.europesays.com\/fr\/wp-json\/wp\/v2\/posts\/514364","targetHints":{"allow":["GET"]}}],"collection":[{"href":"https:\/\/www.europesays.com\/fr\/wp-json\/wp\/v2\/posts"}],"about":[{"href":"https:\/\/www.europesays.com\/fr\/wp-json\/wp\/v2\/types\/post"}],"author":[{"embeddable":true,"href":"https:\/\/www.europesays.com\/fr\/wp-json\/wp\/v2\/users\/2"}],"replies":[{"embeddable":true,"href":"https:\/\/www.europesays.com\/fr\/wp-json\/wp\/v2\/comments?post=514364"}],"version-history":[{"count":0,"href":"https:\/\/www.europesays.com\/fr\/wp-json\/wp\/v2\/posts\/514364\/revisions"}],"wp:featuredmedia":[{"embeddable":true,"href":"https:\/\/www.europesays.com\/fr\/wp-json\/wp\/v2\/media\/514365"}],"wp:attachment":[{"href":"https:\/\/www.europesays.com\/fr\/wp-json\/wp\/v2\/media?parent=514364"}],"wp:term":[{"taxonomy":"category","embeddable":true,"href":"https:\/\/www.europesays.com\/fr\/wp-json\/wp\/v2\/categories?post=514364"},{"taxonomy":"post_tag","embeddable":true,"href":"https:\/\/www.europesays.com\/fr\/wp-json\/wp\/v2\/tags?post=514364"}],"curies":[{"name":"wp","href":"https:\/\/api.w.org\/{rel}","templated":true}]}}