{"id":514368,"date":"2025-11-05T21:01:12","date_gmt":"2025-11-05T21:01:12","guid":{"rendered":"https:\/\/www.europesays.com\/fr\/514368\/"},"modified":"2025-11-05T21:01:12","modified_gmt":"2025-11-05T21:01:12","slug":"apres-la-surtension-la-suspension-liberation","status":"publish","type":"post","link":"https:\/\/www.europesays.com\/fr\/514368\/","title":{"rendered":"apr\u00e8s la\u00a0surtension, la\u00a0suspension \u2013 Lib\u00e9ration"},"content":{"rendered":"<p class=\"sc-cPiKLX AiZTS text-element\">La coupe est pleine. Les pouvoirs publics ont d\u00e9cid\u00e9 de ne plus rien laisser passer \u00e0 Shein, la plateforme chinoise d\u2019e-commerce dont les v\u00eatements sont commercialis\u00e9s au dernier \u00e9tage du BHV-Marais (IVe arrondissement de Paris) depuis mercredi 5 novembre. S\u00e9bastien Lecornu a sorti l\u2019artillerie lourde en engageant une proc\u00e9dure de \u00absuspension\u00bb du site en France. Apr\u00e8s <a href=\"https:\/\/www.liberation.fr\/societe\/police-justice\/epingle-pour-la-vente-de-poupees-a-caractere-pedopornographique-shein-affirme-avoir-interdit-la-vente-de-tous-les-produits-pour-adultes-sur-son-site-20251103_RZRSHJHEGVEBBAOK455FQZVS64\/\" target=\"_blank\" rel=\"noopener\">les poup\u00e9es sexuelles \u00e0 caract\u00e8re p\u00e9dopornographique<\/a> d\u00e9couvertes ce week-end en ligne et donnant lieu depuis \u00e0 une enqu\u00eate du parquet de Paris, c\u2019\u00e9tait au tour d\u2019armes de cat\u00e9gorie A d\u2019\u00eatre \u00e9pingl\u00e9es. Des poings am\u00e9ricains et une machette \u00e0 lame fixe, \u00abdes armes ill\u00e9gales en France, \u00e0 la vente comme \u00e0 la d\u00e9tention\u00bb, rappelle le d\u00e9put\u00e9 LR Antoine Vermorel-Marques \u00e0 l\u2019origine d\u2019un signalement \u00e0 la justice.<\/p>\n<p class=\"sc-cPiKLX AiZTS text-element\">Lors des questions au gouvernement \u00e0 l\u2019Assembl\u00e9e nationale mercredi, Shein \u00e9tait sur toutes les l\u00e8vres. \u00abC\u2019en est trop\u00bb, s\u2019est emport\u00e9 le ministre des PME et du Commerce Serge Papin. \u00abUne des armes en vente sur ce site, la m\u00eame, a servi \u00e0 l\u2019assassinat du <a href=\"https:\/\/www.liberation.fr\/societe\/police-justice\/elias-14-ans-tue-a-paris-pour-son-portable-deux-mineurs-de-16-et-17-ans-mis-en-examen-et-incarceres-20250127_MQSLLN&lt;\/p&gt;&lt;\/div&gt;&lt;\/article&gt;&lt;\/div&gt;&lt;div data-fusion-lazy-id=\" f0f8vgvlad832fw=\"\" target=\"_blank\" rel=\"noopener\"><\/p>\n","protected":false},"excerpt":{"rendered":"La coupe est pleine. Les pouvoirs publics ont d\u00e9cid\u00e9 de ne plus rien laisser passer \u00e0 Shein, la&hellip;\n","protected":false},"author":2,"featured_media":514369,"comment_status":"","ping_status":"","sticky":false,"template":"","format":"standard","meta":{"footnotes":""},"categories":[4],"tags":[11,1011,27,12,626,25,1104],"class_list":{"0":"post-514368","1":"post","2":"type-post","3":"status-publish","4":"format-standard","5":"has-post-thumbnail","7":"category-france","8":"tag-actualites","9":"tag-fr","10":"tag-france","11":"tag-news","12":"tag-paris","13":"tag-republique-francaise","14":"tag-shein"},"share_on_mastodon":{"url":"https:\/\/pubeurope.com\/@fr\/115499111751573140","error":""},"_links":{"self":[{"href":"https:\/\/www.europesays.com\/fr\/wp-json\/wp\/v2\/posts\/514368","targetHints":{"allow":["GET"]}}],"collection":[{"href":"https:\/\/www.europesays.com\/fr\/wp-json\/wp\/v2\/posts"}],"about":[{"href":"https:\/\/www.europesays.com\/fr\/wp-json\/wp\/v2\/types\/post"}],"author":[{"embeddable":true,"href":"https:\/\/www.europesays.com\/fr\/wp-json\/wp\/v2\/users\/2"}],"replies":[{"embeddable":true,"href":"https:\/\/www.europesays.com\/fr\/wp-json\/wp\/v2\/comments?post=514368"}],"version-history":[{"count":0,"href":"https:\/\/www.europesays.com\/fr\/wp-json\/wp\/v2\/posts\/514368\/revisions"}],"wp:featuredmedia":[{"embeddable":true,"href":"https:\/\/www.europesays.com\/fr\/wp-json\/wp\/v2\/media\/514369"}],"wp:attachment":[{"href":"https:\/\/www.europesays.com\/fr\/wp-json\/wp\/v2\/media?parent=514368"}],"wp:term":[{"taxonomy":"category","embeddable":true,"href":"https:\/\/www.europesays.com\/fr\/wp-json\/wp\/v2\/categories?post=514368"},{"taxonomy":"post_tag","embeddable":true,"href":"https:\/\/www.europesays.com\/fr\/wp-json\/wp\/v2\/tags?post=514368"}],"curies":[{"name":"wp","href":"https:\/\/api.w.org\/{rel}","templated":true}]}}