{"id":514376,"date":"2025-11-05T21:10:12","date_gmt":"2025-11-05T21:10:12","guid":{"rendered":"https:\/\/www.europesays.com\/fr\/514376\/"},"modified":"2025-11-05T21:10:12","modified_gmt":"2025-11-05T21:10:12","slug":"les-chutes-font-partie-du-chemin-hakimi-sort-du-silence-apres-sa-blessure","status":"publish","type":"post","link":"https:\/\/www.europesays.com\/fr\/514376\/","title":{"rendered":"\u00abLes chutes font partie du chemin\u00bb, Hakimi sort du silence apr\u00e8s sa blessure"},"content":{"rendered":"<p>\n    Le lat\u00e9ral marocain du PSG a publi\u00e9 un court message sur les r\u00e9seaux sociaux ce mercredi, au lendemain de sa blessure \u00e0 la cheville contre le Bayern, mardi, \u00e0 Paris.<\/p>\n<p class=\"fig-paragraph\">Le verdict est tomb\u00e9.\u00a0<a href=\"http:\/\/www.lefigaro.fr\/sports\/football\/ligue-des-champions\/psg-hakimi-fixe-le-mollet-pour-dembele-mendes-a-l-infirmerie-aussi-20251105\" data-fig-type=\"NewsFlash\" data-gtm-custom-categorie=\"navigation\" data-gtm-custom-action=\"crossclick\" data-gtm-custom-label=\"Contextuel\" data-gtm-event=\"customEventSPE\" data-fig-domain=\"LEFIGARO\" rel=\"nofollow noopener\" target=\"_blank\">\u00abEntorse s\u00e9v\u00e8re de la cheville gauche\u00bb pour Achraf Hakimi<\/a>, \u00e9cart\u00e9 des terrains pour \u00abplusieurs semaines\u00bb. Et peut-\u00eatre m\u00eame jusqu\u2019\u00e0 la fin de l\u2019ann\u00e9e. Quid de sa participation \u00e0 la Coupe d\u2019Afrique des nations au Maroc, du 21 d\u00e9cembre 2025 au 18 janvier 2026\u00a0? En attendant, l\u2019international marocain (88 s\u00e9lections, 11 buts) de 27 ans (il f\u00eatait son anniversaire mardi) a publi\u00e9 un message positif sur les r\u00e9seaux sociaux. \u00abLes chutes font partie du chemin, le retour fait la diff\u00e9rence\u00bb, lance le lat\u00e9ral du Paris Saint-Germain, touch\u00e9 mardi face au Bayern sur\u00a0<a href=\"http:\/\/www.lefigaro.fr\/sports\/football\/ligue-des-champions\/psg-bayern-en-images-le-terrible-tacle-subi-par-achraf-hakimi-blesse-et-sorti-en-larmes-20251104\" data-fig-type=\"NewsFlash\" data-gtm-custom-categorie=\"navigation\" data-gtm-custom-action=\"crossclick\" data-gtm-custom-label=\"Contextuel\" data-gtm-event=\"customEventSPE\" data-fig-domain=\"LEFIGARO\" rel=\"nofollow noopener\" target=\"_blank\">un tacle assassin du Colombien Luis Diaz<\/a>. Deux photos, une sur laquelle on le voit en action, avec le virage Auteuil en fond, et une illustration de lion, avec ce message\u00a0: \u00abUn petit revers, un plus grand retour\u00bb. \u00abHaki\u00bb se veut tourn\u00e9 vers l\u2019avenir.<\/p>\n<p class=\"fig-paragraph\">Depuis le d\u00e9but de la saison, le natif de Madrid impressionnait par sa facult\u00e9 \u00e0 encha\u00eener les matchs et les performances de haut niveau.\u00a0<a href=\"http:\/\/www.lefigaro.fr\/sports\/football\/ligue-1\/c-est-une-machine-achraf-hakimi-l-infatigable-robot-du-psg-20250921\" data-fig-type=\"NewsFlash\" data-gtm-custom-categorie=\"navigation\" data-gtm-custom-action=\"crossclick\" data-gtm-custom-label=\"Contextuel\" data-gtm-event=\"customEventSPE\" data-fig-domain=\"LEFIGARO\" rel=\"nofollow noopener\" target=\"_blank\">Un vrai robot, visiblement immunis\u00e9 contre la fatigue et les p\u00e9pins<\/a>. Le tacle de Diaz a rappel\u00e9 que Hakimi reste humain\u2026 \u00c0 noter qu\u2019Ousmane Demb\u00e9l\u00e9 (mollet) et Nuno Mendes (genou) ont \u00e9galement \u00e9t\u00e9 bless\u00e9s lors de cette rencontre de Ligue des champions. Ils rejoignent\u00a0<a href=\"http:\/\/www.lefigaro.fr\/sports\/football\/ligue-1\/psg-indisponibilite-options-malediction-du-mvp-desire-doue-de-nouveau-scotche-a-l-infirmerie-cinq-questions-pour-un-enieme-pepin-20251031\" data-fig-type=\"NewsFlash\" data-gtm-custom-categorie=\"navigation\" data-gtm-custom-action=\"crossclick\" data-gtm-custom-label=\"Contextuel\" data-gtm-event=\"customEventSPE\" data-fig-domain=\"LEFIGARO\" rel=\"nofollow noopener\" target=\"_blank\">D\u00e9sir\u00e9 Dou\u00e9 (cuisse)<\/a>\u00a0\u00e0 l\u2019infirmerie du Paris-SG, qui se d\u00e9placera \u00e0 Lyon sans eux dimanche. Recrut\u00e9 en 2021, sous contrat jusqu\u2019en 2029 et\u00a0<a href=\"http:\/\/www.lefigaro.fr\/sports\/football\/ligue-1\/psg-marquinhos-conforte-dans-son-role-de-capitaine-20250918\" data-fig-type=\"NewsFlash\" data-gtm-custom-categorie=\"navigation\" data-gtm-custom-action=\"crossclick\" data-gtm-custom-label=\"Contextuel\" data-gtm-event=\"customEventSPE\" data-fig-domain=\"LEFIGARO\" rel=\"nofollow noopener\" target=\"_blank\">bombard\u00e9 vice-capitaine en d\u00e9but de saison<\/a>, apr\u00e8s un vote de ses petits camarades parisiens, Achraf Hakimi a disput\u00e9 189 matchs sous les couleurs parisiennes (27 buts, 38 passes d\u00e9cisives), dont 14 depuis le d\u00e9but de la saison en cours (2 buts, 3 passes d\u00e9cisives). Il est unanimement consid\u00e9r\u00e9 comme le meilleur arri\u00e8re droit du monde.<\/p>\n","protected":false},"excerpt":{"rendered":"Le lat\u00e9ral marocain du PSG a publi\u00e9 un court message sur les r\u00e9seaux sociaux ce mercredi, au lendemain&hellip;\n","protected":false},"author":2,"featured_media":514377,"comment_status":"","ping_status":"","sticky":false,"template":"","format":"standard","meta":{"footnotes":""},"categories":[1410],"tags":[14568,63,1011,27,93,60],"class_list":{"0":"post-514376","1":"post","2":"type-post","3":"status-publish","4":"format-standard","5":"has-post-thumbnail","7":"category-football","8":"tag-achraf-hakimi","9":"tag-football","10":"tag-fr","11":"tag-france","12":"tag-psg","13":"tag-sports"},"share_on_mastodon":{"url":"https:\/\/pubeurope.com\/@fr\/115499147726822830","error":""},"_links":{"self":[{"href":"https:\/\/www.europesays.com\/fr\/wp-json\/wp\/v2\/posts\/514376","targetHints":{"allow":["GET"]}}],"collection":[{"href":"https:\/\/www.europesays.com\/fr\/wp-json\/wp\/v2\/posts"}],"about":[{"href":"https:\/\/www.europesays.com\/fr\/wp-json\/wp\/v2\/types\/post"}],"author":[{"embeddable":true,"href":"https:\/\/www.europesays.com\/fr\/wp-json\/wp\/v2\/users\/2"}],"replies":[{"embeddable":true,"href":"https:\/\/www.europesays.com\/fr\/wp-json\/wp\/v2\/comments?post=514376"}],"version-history":[{"count":0,"href":"https:\/\/www.europesays.com\/fr\/wp-json\/wp\/v2\/posts\/514376\/revisions"}],"wp:featuredmedia":[{"embeddable":true,"href":"https:\/\/www.europesays.com\/fr\/wp-json\/wp\/v2\/media\/514377"}],"wp:attachment":[{"href":"https:\/\/www.europesays.com\/fr\/wp-json\/wp\/v2\/media?parent=514376"}],"wp:term":[{"taxonomy":"category","embeddable":true,"href":"https:\/\/www.europesays.com\/fr\/wp-json\/wp\/v2\/categories?post=514376"},{"taxonomy":"post_tag","embeddable":true,"href":"https:\/\/www.europesays.com\/fr\/wp-json\/wp\/v2\/tags?post=514376"}],"curies":[{"name":"wp","href":"https:\/\/api.w.org\/{rel}","templated":true}]}}