{"id":514382,"date":"2025-11-05T21:14:26","date_gmt":"2025-11-05T21:14:26","guid":{"rendered":"https:\/\/www.europesays.com\/fr\/514382\/"},"modified":"2025-11-05T21:14:26","modified_gmt":"2025-11-05T21:14:26","slug":"je-le-voyais-tout-le-temps","status":"publish","type":"post","link":"https:\/\/www.europesays.com\/fr\/514382\/","title":{"rendered":"Je le voyais tout le temps"},"content":{"rendered":"<p>Cyril Hanouna a r\u00e9agi aux r\u00e9cents propos de Michel Sardou sur son d\u00e9m\u00e9nagement sur le plateau de Tout beau, tout neuf, ce mercredi 5 novembre. Il en a profit\u00e9 pour r\u00e9v\u00e9ler qu&rsquo;il avait \u00e9t\u00e9 son voisin.<\/p>\n<p>Michel Sardou brille toujours par son franc-parler dans les interviews qu&rsquo;il accorde. Invit\u00e9 du portrait de la semaine de Sept \u00e0 huit,<a href=\"https:\/\/www.programme-tv.net\/news\/people\/391107-elles-ont-toujours-tort-michel-sardou-dezingue-les-feministes-face-a-audrey-crespo-mara\/\" data-api-deeplink=\"teleloisirs:\/\/news\/391107\" target=\"_blank\" rel=\"noopener\"> l&rsquo;interpr\u00e8te de La maladie d&rsquo;amour s&rsquo;en est ainsi pris aux f\u00e9ministes, arguant qu&rsquo;elles avaient toujours tort<\/a>  Dans les colonnes de Var Matin,<a href=\"https:\/\/www.programme-tv.net\/news\/musique\/391247-je-prefere-men-aller-avant-michel-sardou-78-ans-explique-pourquoi-il-refuse-de-remonter-sur-scene\/\" data-api-deeplink=\"teleloisirs:\/\/news\/391247\" target=\"_blank\" rel=\"noopener\"> il a r\u00e9v\u00e9l\u00e9 la raison pour laquelle il ne souhaitait plus monter sur sc\u00e8ne<\/a>. \u00ab\u00a0Le public va dire que je ne chante plus. Je pr\u00e9f\u00e8re m\u2019en aller avant, ne pas faire le concert de trop.\u00a0\u00bb a-t-il expliqu\u00e9. <a href=\"https:\/\/www.programme-tv.net\/news\/people\/391371-ici-on-ne-memmerde-pas-michel-sardou-se-confie-sur-sa-nouvelle-vie-apres-avoir-demenage-loin-de-paris\/\" data-api-deeplink=\"teleloisirs:\/\/news\/391371\" target=\"_blank\" rel=\"noopener\">Lass\u00e9 de la grisaille parisienne, le chanteur a choisi de s&rsquo;installer dans le sud de la France \u00e0 Bormes-les-Mimosas.<\/a> Un choix qu&rsquo;il assume.  \u00ab\u00a0Je ne voulais pas de Nice, ni de Cannes. J\u2019ai cherch\u00e9 vers Cassis avant de me rapprocher d\u2019ici&#8230; J\u2019ai regard\u00e9 la vue\u00a0\u00bb, indique-t-il. Et il d\u00e9voile ce qui lui importe avant tout dans sa nouvelle localisation.\u00a0\u00bb Ici, on ne m\u2019emmerde pas. On ne me demande pas de selfie&#8230;\u00a0\u00bb, se r\u00e9jouit-il.<\/p>\n<p>                        Cyril Hanouna habitait \u00e0 un \u00e9tage de Michel Sardou<\/p>\n<p>Cyril Hanouna n&rsquo;a jamais cach\u00e9 son admiration pour la star de la chanson fran\u00e7aise. En d\u00e9couvrant ses d\u00e9clarations sur son nouveau lieu de vie, l&rsquo;animateur de Tout beau, tout neuf a fait une r\u00e9v\u00e9lation sur Michel Sardou, qui a surpris ses chroniqueurs. \u00ab\u00a0<b>Michel qui \u00e9tait mon voisin. C&rsquo;\u00e9tait vraiment mon voisin. Pendant des ann\u00e9es&#8230; On habitait dans le m\u00eame immeuble dans le VIII\u00e8me \u00e0 Paris. Et j&rsquo;habitais au 5 et lui au 6<\/b>\u00ab\u00a0, a-t-il d\u00e9taill\u00e9. <a href=\"https:\/\/www.programme-tv.net\/biographie\/48590-delormeau-matthieu\/\" data-link-people=\"4a7b875f-0ef8-4ac7-bbb6-8282fef8c354\" target=\"_blank\" rel=\"noopener\">Matthieu Delormeau<\/a> lui a demand\u00e9 si ce voisinage datait d&rsquo;avant TPMP, embarrassant l&rsquo;animateur. Il a confirm\u00e9 que c&rsquo;\u00e9tait \u00e0 la m\u00eame \u00e9poque et qu&rsquo;il \u00e9tait d\u00e9j\u00e0 connu. \u00ab\u00a0<b>On s&rsquo;adorait et j&rsquo;adore sa femme aussi qui est un amour. Je le voyais tout le temps. On prenait l&rsquo;ascenseur ensemble\u00a0\u00bb<\/b><b>, <\/b>a-t-il poursuivi.<\/p>\n<p>            Cyril Hanouna en dit plus sur la programmation de Tout beau, tout neuf ces prochaines semaines<\/p>\n<p><a href=\"https:\/\/www.programme-tv.net\/news\/tv\/391264-je-suis-en-train-de-militer-pour-cyril-hanouna-fait-une-annonce-importante-concernant-l-avenir-de-tout-beau-tout-neuf-sur-w9\/\" data-api-deeplink=\"teleloisirs:\/\/news\/391264\" target=\"_blank\" rel=\"noopener\">Cyril Hanouna a fait le point dans l&rsquo;\u00e9mission sur les f\u00eates qui approchent et la programmation de Tout beau, tout neuf.<\/a> \u00ab\u00a0Je suis oblig\u00e9 de faire No\u00ebl parce que sinon, \u00e7a co\u00fbte trop cher, mais sinon, je serai l\u00e0 tout le temps\u00a0\u00bb, a-t-il constat\u00e9. Avant de souligner que l&rsquo;\u00e9mission serait \u00e0 l&rsquo;antenne en continu jusqu&rsquo;en juin. \u00ab\u00a0Apr\u00e8s, jusqu&rsquo;en juin, pas de vacances, six mois. Vous avez eu assez de vacances de toute fa\u00e7on ! On a ferm\u00e9 la cha\u00eene, l&rsquo;ex-cha\u00eene, vous avez eu assez de vacances\u00a0\u00bb, a-t-il averti.<\/p>\n","protected":false},"excerpt":{"rendered":"Cyril Hanouna a r\u00e9agi aux r\u00e9cents propos de Michel Sardou sur son d\u00e9m\u00e9nagement sur le plateau de Tout&hellip;\n","protected":false},"author":2,"featured_media":514383,"comment_status":"","ping_status":"","sticky":false,"template":"","format":"standard","meta":{"footnotes":""},"categories":[1356],"tags":[244,1083,58,59,1011,27,30040,252,22497,49534,1364,2395],"class_list":{"0":"post-514382","1":"post","2":"type-post","3":"status-publish","4":"format-standard","5":"has-post-thumbnail","7":"category-television","8":"tag-commentaire","9":"tag-cyril-hanouna","10":"tag-divertissement","11":"tag-entertainment","12":"tag-fr","13":"tag-france","14":"tag-michel-sardou","15":"tag-television","16":"tag-tout-beau","17":"tag-tout-n9uf","18":"tag-tv","19":"tag-w9"},"share_on_mastodon":{"url":"https:\/\/pubeurope.com\/@fr\/115499162961925654","error":""},"_links":{"self":[{"href":"https:\/\/www.europesays.com\/fr\/wp-json\/wp\/v2\/posts\/514382","targetHints":{"allow":["GET"]}}],"collection":[{"href":"https:\/\/www.europesays.com\/fr\/wp-json\/wp\/v2\/posts"}],"about":[{"href":"https:\/\/www.europesays.com\/fr\/wp-json\/wp\/v2\/types\/post"}],"author":[{"embeddable":true,"href":"https:\/\/www.europesays.com\/fr\/wp-json\/wp\/v2\/users\/2"}],"replies":[{"embeddable":true,"href":"https:\/\/www.europesays.com\/fr\/wp-json\/wp\/v2\/comments?post=514382"}],"version-history":[{"count":0,"href":"https:\/\/www.europesays.com\/fr\/wp-json\/wp\/v2\/posts\/514382\/revisions"}],"wp:featuredmedia":[{"embeddable":true,"href":"https:\/\/www.europesays.com\/fr\/wp-json\/wp\/v2\/media\/514383"}],"wp:attachment":[{"href":"https:\/\/www.europesays.com\/fr\/wp-json\/wp\/v2\/media?parent=514382"}],"wp:term":[{"taxonomy":"category","embeddable":true,"href":"https:\/\/www.europesays.com\/fr\/wp-json\/wp\/v2\/categories?post=514382"},{"taxonomy":"post_tag","embeddable":true,"href":"https:\/\/www.europesays.com\/fr\/wp-json\/wp\/v2\/tags?post=514382"}],"curies":[{"name":"wp","href":"https:\/\/api.w.org\/{rel}","templated":true}]}}