{"id":514387,"date":"2025-11-05T21:17:11","date_gmt":"2025-11-05T21:17:11","guid":{"rendered":"https:\/\/www.europesays.com\/fr\/514387\/"},"modified":"2025-11-05T21:17:11","modified_gmt":"2025-11-05T21:17:11","slug":"un-lien-possible-entre-exposition-a-certains-polluants-de-lair-et-leucemies-aigues-chez-lenfant-selon-une-etude","status":"publish","type":"post","link":"https:\/\/www.europesays.com\/fr\/514387\/","title":{"rendered":"Un lien possible entre exposition \u00e0 certains polluants de l\u2019air et leuc\u00e9mies aigu\u00ebs chez l\u2019enfant, selon une \u00e9tude"},"content":{"rendered":"<p>                             Par Le Figaro avec AFP<\/p>\n<p>                Le 5 novembre 2025 \u00e0 20h24<\/p>\n<p>    Certains polluants de l\u2019air pourraient constituer un lien avec des leuc\u00e9mies aigu\u00ebs chez des enfants.<br \/>\n                Halfpoint \/ stock.adobe.com<\/p>\n<p>\n    Selon l\u2019Inserm, les enfants fortement expos\u00e9s aux particules fines (PM2,5) auraient un risque accru d\u2019environ 70 % de d\u00e9velopper une leuc\u00e9mie aigu\u00eb lymphoblastique, sans lien toutefois \u00e9tabli avec la proximit\u00e9 d\u2019un grand axe routier.<\/p>\n<p class=\"fig-paragraph\">L&rsquo;exposition \u00e0 certains\u00a0<a href=\"http:\/\/www.lefigaro.fr\/lyon\/des-polluants-eternels-pfas-retrouves-dans-l-air-ambiant-a-lyon-20250206\" target=\"_blank\" data-fig-type=\"NewsFlash\" rel=\"noopener\" data-gtm-custom-categorie=\"navigation\" data-gtm-custom-action=\"crossclick\" data-gtm-custom-label=\"Contextuel\" data-gtm-event=\"customEventSPE\" data-fig-domain=\"LEFIGARO\">polluants de l&rsquo;air<\/a>\u00a0au moment de la naissance pourrait constituer chez l&rsquo;enfant un facteur de risque de leuc\u00e9mies aigu\u00ebs, affirme l&rsquo;Inserm mercredi, \u00e0 partir d&rsquo;une r\u00e9cente \u00e9tude montrant des associations significatives. Les leuc\u00e9mies aigu\u00ebs sont les cancers les plus fr\u00e9quents chez les enfants.<\/p>\n<p class=\"fig-paragraph\">Si plusieurs facteurs de risque sont \u00e9tablis, tels que l&rsquo;exposition \u00e0 de fortes doses de radiations ionisantes, certains facteurs g\u00e9n\u00e9tiques ou encore certaines chimioth\u00e9rapies, le r\u00f4le de l&rsquo;exposition p\u00e9rinatale &#8211; de la grossesse aux premiers mois du nourrisson &#8211; \u00e0 certains facteurs environnementaux, comme les polluants de l&rsquo;air, reste d\u00e9battu, r\u00e9sume un communiqu\u00e9.<\/p>\n<p>                                    <a class=\"fig-a11y-skip a11y-hidden\" href=\"#fig-a11y-skip-main-inarticle\"><br \/>\n        Passer la publicit\u00e9<br \/>\n    <\/a><\/p>\n<p class=\"fig-paragraph\">De pr\u00e9c\u00e9dents travaux de chercheurs de l&rsquo;Inserm, des universit\u00e9s Sorbonne Paris Nord, Paris Cit\u00e9 et de l&rsquo;INRAE, avaient montr\u00e9 que la proximit\u00e9 du lieu de r\u00e9sidence avec un grand axe routier lors du diagnostic \u00e9tait associ\u00e9e, en France, \u00e0 un risque accru de d\u00e9velopper dans l&rsquo;enfance une leuc\u00e9mie aigu\u00eb my\u00e9lo\u00efde &#8211; l&rsquo;un des deux principaux types de ce cancer p\u00e9diatrique.<\/p>\n<p>Influence mesur\u00e9e des axes routiers<\/p>\n<p class=\"fig-paragraph\">Leur nouvelle \u00e9tude, parue dans la revue Environmental Health le 22 octobre, va plus loin. Elle cherche \u00e0 \u00e9valuer le risque de leuc\u00e9mie aigu\u00eb (lymphoblastique ou my\u00e9lo\u00efde) selon l&rsquo;exposition aux polluants de l&rsquo;air sur le lieu de r\u00e9sidence \u00e0 la naissance. Les chercheurs ont utilis\u00e9 des donn\u00e9es d&rsquo;une \u00e9tude (GEOCAP-Birth) fond\u00e9e sur le registre national des cancers de l&rsquo;enfant. L&rsquo;\u00e9tude a consid\u00e9r\u00e9 la proximit\u00e9 (moins de 500 m) d&rsquo;un axe routier \u00e0 fort trafic et mod\u00e9lis\u00e9 l&rsquo;exposition \u00e0 plusieurs polluants li\u00e9s au trafic: dioxyde d&rsquo;azote, particules fines PM2,5 et carbone suie.<\/p>\n<p class=\"fig-paragraph\">Si les r\u00e9sultats n&rsquo;\u00e9tablissent pas de lien de cause \u00e0 effet, ils confortent \u00abl&rsquo;hypoth\u00e8se d&rsquo;un r\u00f4le de l&rsquo;exposition p\u00e9rinatale \u00e0 la pollution de l&rsquo;air dans la survenue de leuc\u00e9mie aigu\u00eb chez l&rsquo;enfant\u00bb, et \u00aben particulier l&rsquo;implication des particules fines PM2,5 dans la leuc\u00e9mie aigu\u00eb lymphoblastique\u00bb, a pr\u00e9cis\u00e9 Aur\u00e9lie Danjou (Inserm), premi\u00e8re autrice, cit\u00e9e dans le communiqu\u00e9.<\/p>\n<p class=\"fig-paragraph\">Les enfants les plus expos\u00e9s aux PM2,5 pr\u00e9senteraient ainsi un risque sup\u00e9rieur d&rsquo;environ 70% de d\u00e9velopper une leuc\u00e9mie aigu\u00eb lymphoblastique par rapport aux moins expos\u00e9s. Mais la pr\u00e9sence d&rsquo;un axe routier majeur \u00e0 moins de 500 m\u00e8tres du lieu de r\u00e9sidence ne semblait pas associ\u00e9e au risque de d\u00e9velopper une leuc\u00e9mie aigu\u00eb.<\/p>\n<p class=\"fig-paragraph\">Selon les chercheurs, \u00abces r\u00e9sultats laissent penser que des sources de pollution aux PM2,5, autres que le trafic routier, pourraient \u00eatre impliqu\u00e9s\u00bb, telles que l&rsquo;activit\u00e9 industrielle ou le chauffage domestique. Des \u00e9tudes portant sur davantage d&rsquo;enfants pourraient aider \u00e0 mieux comprendre \u00abquels autres polluants pourraient jouer un r\u00f4le\u00bb, selon Mme Danjou.<\/p>\n","protected":false},"excerpt":{"rendered":"Par Le Figaro avec AFP Le 5 novembre 2025 \u00e0 20h24 Certains polluants de l\u2019air pourraient constituer un&hellip;\n","protected":false},"author":2,"featured_media":514388,"comment_status":"","ping_status":"","sticky":false,"template":"","format":"standard","meta":{"footnotes":""},"categories":[10],"tags":[1011,27,72,4281,63492,71],"class_list":{"0":"post-514387","1":"post","2":"type-post","3":"status-publish","4":"format-standard","5":"has-post-thumbnail","7":"category-sante","8":"tag-fr","9":"tag-france","10":"tag-health","11":"tag-inserm","12":"tag-leucemie-aigue","13":"tag-sante"},"share_on_mastodon":{"url":"https:\/\/pubeurope.com\/@fr\/115499174766228776","error":""},"_links":{"self":[{"href":"https:\/\/www.europesays.com\/fr\/wp-json\/wp\/v2\/posts\/514387","targetHints":{"allow":["GET"]}}],"collection":[{"href":"https:\/\/www.europesays.com\/fr\/wp-json\/wp\/v2\/posts"}],"about":[{"href":"https:\/\/www.europesays.com\/fr\/wp-json\/wp\/v2\/types\/post"}],"author":[{"embeddable":true,"href":"https:\/\/www.europesays.com\/fr\/wp-json\/wp\/v2\/users\/2"}],"replies":[{"embeddable":true,"href":"https:\/\/www.europesays.com\/fr\/wp-json\/wp\/v2\/comments?post=514387"}],"version-history":[{"count":0,"href":"https:\/\/www.europesays.com\/fr\/wp-json\/wp\/v2\/posts\/514387\/revisions"}],"wp:featuredmedia":[{"embeddable":true,"href":"https:\/\/www.europesays.com\/fr\/wp-json\/wp\/v2\/media\/514388"}],"wp:attachment":[{"href":"https:\/\/www.europesays.com\/fr\/wp-json\/wp\/v2\/media?parent=514387"}],"wp:term":[{"taxonomy":"category","embeddable":true,"href":"https:\/\/www.europesays.com\/fr\/wp-json\/wp\/v2\/categories?post=514387"},{"taxonomy":"post_tag","embeddable":true,"href":"https:\/\/www.europesays.com\/fr\/wp-json\/wp\/v2\/tags?post=514387"}],"curies":[{"name":"wp","href":"https:\/\/api.w.org\/{rel}","templated":true}]}}