{"id":514393,"date":"2025-11-05T21:20:18","date_gmt":"2025-11-05T21:20:18","guid":{"rendered":"https:\/\/www.europesays.com\/fr\/514393\/"},"modified":"2025-11-05T21:20:18","modified_gmt":"2025-11-05T21:20:18","slug":"amazon-brade-a-33-cet-ecran-incurve-de-34-pouces-et-100-hz-lors-du-pre-black-friday","status":"publish","type":"post","link":"https:\/\/www.europesays.com\/fr\/514393\/","title":{"rendered":"Amazon brade \u00e0 -33% cet \u00e9cran incurv\u00e9 de 34 pouces et 100 Hz lors du pr\u00e9-Black Friday"},"content":{"rendered":"<p>Pour ceux qui souhaitent quitter le petit \u00e9cran de leur ordinateur portable pour quelque chose de plus grand, d\u00e9couvrez cet \u00e9cran incurv\u00e9 PRO MP341CQ de la marque MSI pour 199,90 euros au lieu de 299,99 euros chez Amazon. <\/p>\n<p><a target=\"_blank\" href=\"https:\/\/images.frandroid.com\/wp-content\/uploads\/2025\/11\/jmgo-n1s-infinity-4k-pre-black-friday-2025-3.jpg\" class=\"article-content__figure\" rel=\"noopener\"><img fetchpriority=\"high\" decoding=\"async\" loading=\"eager\" width=\"1200\" height=\"675\" src=\"https:\/\/www.europesays.com\/fr\/wp-content\/uploads\/2025\/11\/jmgo-n1s-infinity-4k-pre-black-friday-2025-3.jpg\" alt=\"MSI PBF\" class=\"wp-image-2856831 wp-image wp-image\"  \/><\/a><\/p>\n<p>Le t\u00e9l\u00e9travail est devenu une v\u00e9ritable habitude et de nombreuses personnes cherchent \u00e0 s\u2019offrir le plus de confort possible lorsqu\u2019ils travaillent depuis chez elles. En cette p\u00e9riode de pr\u00e9-Black Friday, ce confort pourrait passer par l\u2019acquisition de cet \u00e9cran incurv\u00e9 Pro MP341CQ de la marque MSI de 34 pouces <a href=\"https:\/\/shop.frandroid.com\/80hd6grz\" target=\"_blank\" rel=\"noreferrer noopener affiliate nofollow\" data-gtm=\"{&quot;event&quot;:&quot;afficlic&quot;,&quot;nom_marchand&quot;:&quot;amazon_fr&quot;,&quot;nom_produit&quot;:&quot;inconnu&quot;,&quot;categorie_produit&quot;:&quot;inconnu&quot;,&quot;module_produit&quot;:&quot;editolink&quot;,&quot;position_marchand&quot;:0,&quot;texte&quot;:&quot;propose-par-amazon&quot;,&quot;offer_url&quot;:&quot;https:\/\/shop.frandroid.com\/80hd6grz&quot;,&quot;zone&quot;:&quot;contenu-page&quot;}\">propos\u00e9 par Amazon<\/a> \u00e0 199,90 euros au lieu de 299,90 euros, soit une remise de 33%.<\/p>\n<p>Pourquoi choisir cet \u00e9cran incurv\u00e9 MSI ?<\/p>\n<ul class=\"wp-block-list\">\n<li>Un \u00e9cran incurv\u00e9 de 34 pouces avec une super r\u00e9solution de 3 440 x 1 440 pixels<\/li>\n<li>Un temps de rafra\u00eechissement de 100 Hz pour un temps de r\u00e9ponse de 1 ms<\/li>\n<li>Un \u00e9cran qui peut convenir aux gamers \u00e0 la recherche d\u2019un moniteur sans se ruiner<\/li>\n<\/ul>\n<p>Au lieu de 299,99 euros, cet MSI Pro MP341CQ est aujourd\u2019hui disponible en promotion \u00e0 199,90 euros chez<a href=\"https:\/\/shop.frandroid.com\/80hd6grz\" target=\"_blank\" rel=\"noreferrer noopener affiliate nofollow\" data-gtm=\"{&quot;event&quot;:&quot;afficlic&quot;,&quot;nom_marchand&quot;:&quot;amazon_fr&quot;,&quot;nom_produit&quot;:&quot;inconnu&quot;,&quot;categorie_produit&quot;:&quot;inconnu&quot;,&quot;module_produit&quot;:&quot;editolink&quot;,&quot;position_marchand&quot;:0,&quot;texte&quot;:&quot;propose-par-amazon&quot;,&quot;offer_url&quot;:&quot;https:\/\/shop.frandroid.com\/80hd6grz&quot;,&quot;zone&quot;:&quot;contenu-page&quot;}\"> Amazon<\/a>.<\/p>\n<p>Une courbure pour renforcer l\u2019immersion.<\/p>\n<p>Avec cet MSI Pro MP341CQ c\u2019est un tout nouveau monde qui s\u2019ouvre. Du haut de ses 34 pouces et de sa courbure de 1 500R, l\u2019\u00e9cran permettra d\u2019offrir \u00e0 son utilisateur une immersion de tr\u00e8s haute qualit\u00e9 lorsqu\u2019il voudra visionner un contenu sur une plateforme de streaming. Il pourra \u00e9galement \u00eatre un excellent outil de travail gr\u00e2ce \u00e0 son format 21:9 ultra-large qui permet d\u2019\u00e9parpiller plusieurs fen\u00eatres sur toute la longueur de ce moniteur.<\/p>\n<p>Au niveau de la qualit\u00e9 de l\u2019image, l\u2019\u00e9cran propose une r\u00e9solution UWQHD soit 3 440 x 1 440 pixels et il est pourvu de l\u2019HDR pour un superbe rendu avec des couleurs vives et pr\u00e9cises tandis que les contrastes seront respect\u00e9s.<\/p>\n<p>Que vous souhaitiez vous servir de cet \u00e9cran pour visionner votre contenu vid\u00e9o pr\u00e9f\u00e9r\u00e9 ou pour travailler avec une vision d\u2019ensemble plus large, vous serez amen\u00e9s \u00e0 passer de nombreuses heures devant cet MSI Pro MP341CQ. C\u2019est pourquoi l\u2019\u00e9cran poss\u00e8de une protection contre la lumi\u00e8re bleue, mais aussi un filtre anti-scintillement pour limiter la fatigue de vos yeux.<\/p>\n<p>Une utilisation qui peut s\u2019\u00e9carter de la bureautique<\/p>\n<p>Si cet \u00e9cran n\u2019est pas pens\u00e9 pour le gaming, il peut convenir \u00e0 certains joueurs qui veulent acqu\u00e9rir un bon \u00e9cran \u00e0 petit prix. Avec son taux de rafra\u00eechissement de 100 Hz et son temps de r\u00e9ponse de 1ms, il risque d\u2019\u00eatre un peu juste pour les jeux les plus nerveux notamment les FPS en ligne, mais pour les jeux solo qui misent sur de beaux paysages, il peut tr\u00e8s bien faire le travail. Une id\u00e9e renforc\u00e9e avec la pr\u00e9sence de la technologie AMD FreeSync qui limite les saccades.<\/p>\n<p>Niveau connectique, l\u2019essentiel est assur\u00e9 avec ses deux ports HDMI, un port Display, un port Jack pour venir y connecter un casque, mais aussi des haut-parleurs int\u00e9gr\u00e9s.<\/p>\n<p>Pour en savoir plus sur les moniteurs, n\u2019h\u00e9sitez pas \u00e0 regarder notre <a href=\"https:\/\/www.frandroid.com\/guide-dachat\/688285_quel-ecran-pc-pour-le-gaming-choisir-en-2020-notre-selection\" target=\"_blank\" rel=\"noreferrer noopener\">guide des meilleurs \u00e9crans PC<\/a> du moment.<\/p>\n<p>Black Friday 2025 : pour ne rien rater des offres en avant-premi\u00e8re<\/p>\n<p>Le v\u00e9ritable Black Friday ne commencera que le 28 novembre prochain, mais les e-commer\u00e7ants ont d\u00e9j\u00e0 partag\u00e9 des offres en avance. Une aubaine si vous voulez anticiper vos achats de fin d\u2019ann\u00e9e. <\/p>\n<p>Si vous n\u2019avez pas trouv\u00e9 votre bonheur dans les s\u00e9lections pr\u00e9c\u00e9demment cit\u00e9es, voici ce qu\u2019il vous reste \u00e0 faire : <\/p>\n<ul class=\"wp-block-list\">\n<li>Suivez notre compte X\u00a0<a href=\"https:\/\/twitter.com\/FrandroidPromos\" target=\"_blank\" rel=\"noreferrer noopener\">@FrandroidPromos<\/a> uniquement d\u00e9di\u00e9 aux bons plans (pensez \u00e0 activer la cloche pour recevoir les notifications en temps r\u00e9el)<\/li>\n<li><a href=\"https:\/\/whatsapp.com\/channel\/0029VabYxm5LI8YhSlD8xc05\" target=\"_blank\" rel=\"noreferrer noopener\">Rejoignez notre canal WhatsApp<\/a> pour recevoir une fois par jour un condens\u00e9 des meilleures offres<\/li>\n<li>T\u00e9l\u00e9chargez notre <a href=\"https:\/\/www.frandroid.com\/telecharger\/apps\/frandroid\" target=\"_blank\" rel=\"noreferrer noopener\">application Frandroid<\/a> (disponible sur iOS et Android) pour activer les notifications de la cat\u00e9gorie \u00ab Bons Plans \u00bb et ainsi recevoir en temps r\u00e9el les nouveaux articles li\u00e9s aux Black Friday 2025<\/li>\n<li>Abonnez-vous \u00e0 notre newsletter pour \u00eatre s\u00fbr de recevoir les offres en avant-premi\u00e8re (pas plus d\u2019un mail par jour, d\u00e9sinscription en 1 clic, aucune diffusion \u00e0 des tiers) :<\/li>\n<\/ul>\n<p class=\"newsletter-form__title is-size-6 is-size-7-mobile is-uppercase has-text-good-deals has-text-weight-semibold mb-4 px-5\">Frandroid Bons plans<\/p>\n<p class=\"has-text-centered-tablet newsletter-form__subtitle is-size-4 has-text-weight-bold has-text-primary column is-9-tablet is-10-mobile\">\n                C\u2019est enregistr\u00e9 ! Surveillez votre bo\u00eete aux lettres, vous allez entendre parler de nous\u00a0!\n            <\/p>\n<p class=\"newsletter-form__subtitle is-size-4 has-text-weight-bold has-text-gradient-pink\">Ne manquez aucun bon plan avec notre newsletter<\/p>\n<p class=\"is-size-7\">\n                Les donn\u00e9es transmises par le biais de ce formulaire sont destin\u00e9es \u00e0 Humanoid,<br \/>\n                soci\u00e9t\u00e9 \u00e9ditrice du site Frandroid en sa qualit\u00e9 de responsable de traitement.<br \/>\n                Elles ne seront en aucun cas c\u00e9d\u00e9es \u00e0 des tiers. Ces donn\u00e9es sont trait\u00e9es sous r\u00e9serve d\u2019obtention de<br \/>\n                votre consentement pour vous envoyer par e-mail des actualit\u00e9s et informations relatives aux contenus<br \/>\n                \u00e9ditoriaux publi\u00e9s sur Frandroid. Vous pouvez vous opposer \u00e0 tout moment \u00e0 ces e-mails<br \/>\n                en cliquant sur les liens de d\u00e9sinscriptions pr\u00e9sents dans chacun d\u2019eux. Pour plus d\u2019informations, vous<br \/>\n                pouvez consulter l\u2019int\u00e9gralit\u00e9 de notre <a href=\"https:\/\/www.frandroid.com\/politique-donnees-personnelles\" target=\"_blank\" rel=\"noopener\"><br \/>\n                politique de traitement de vos donn\u00e9es personnelles<\/a>.<br \/>\n                Vous disposez d\u2019un droit d\u2019acc\u00e8s, de rectification, d\u2019effacement, de limitation, de portabilit\u00e9 et<br \/>\n                d\u2019opposition pour motif l\u00e9gitime aux donn\u00e9es personnelles vous concernant. Pour exercer l\u2019un de ces droits,<br \/>\n                merci d\u2019effectuer votre demande via notre <a href=\"https:\/\/www.frandroid.com\/contact\/#RGPD\" target=\"_blank\" rel=\"noopener\">formulaire<br \/>\n                de demandes d\u2019exercices de droits d\u00e9di\u00e9<\/a>.\n            <\/p>\n<p>            <script async src=\"https:\/\/platform.twitter.com\/widgets.js\" charset=\"utf-8\"><\/script><\/p>\n","protected":false},"excerpt":{"rendered":"Pour ceux qui souhaitent quitter le petit \u00e9cran de leur ordinateur portable pour quelque chose de plus grand,&hellip;\n","protected":false},"author":2,"featured_media":514394,"comment_status":"","ping_status":"","sticky":false,"template":"","format":"standard","meta":{"footnotes":""},"categories":[7],"tags":[62374,201,1011,27,43,40,41,39,42,44],"class_list":{"0":"post-514393","1":"post","2":"type-post","3":"status-publish","4":"format-standard","5":"has-post-thumbnail","7":"category-sciences-et-technologies","8":"tag-black-friday-2025","9":"tag-bons-plans-amazon","10":"tag-fr","11":"tag-france","12":"tag-science","13":"tag-science-and-technology","14":"tag-sciences","15":"tag-sciences-et-technologies","16":"tag-technologies","17":"tag-technology"},"share_on_mastodon":{"url":"https:\/\/pubeurope.com\/@fr\/115499187289613038","error":""},"_links":{"self":[{"href":"https:\/\/www.europesays.com\/fr\/wp-json\/wp\/v2\/posts\/514393","targetHints":{"allow":["GET"]}}],"collection":[{"href":"https:\/\/www.europesays.com\/fr\/wp-json\/wp\/v2\/posts"}],"about":[{"href":"https:\/\/www.europesays.com\/fr\/wp-json\/wp\/v2\/types\/post"}],"author":[{"embeddable":true,"href":"https:\/\/www.europesays.com\/fr\/wp-json\/wp\/v2\/users\/2"}],"replies":[{"embeddable":true,"href":"https:\/\/www.europesays.com\/fr\/wp-json\/wp\/v2\/comments?post=514393"}],"version-history":[{"count":0,"href":"https:\/\/www.europesays.com\/fr\/wp-json\/wp\/v2\/posts\/514393\/revisions"}],"wp:featuredmedia":[{"embeddable":true,"href":"https:\/\/www.europesays.com\/fr\/wp-json\/wp\/v2\/media\/514394"}],"wp:attachment":[{"href":"https:\/\/www.europesays.com\/fr\/wp-json\/wp\/v2\/media?parent=514393"}],"wp:term":[{"taxonomy":"category","embeddable":true,"href":"https:\/\/www.europesays.com\/fr\/wp-json\/wp\/v2\/categories?post=514393"},{"taxonomy":"post_tag","embeddable":true,"href":"https:\/\/www.europesays.com\/fr\/wp-json\/wp\/v2\/tags?post=514393"}],"curies":[{"name":"wp","href":"https:\/\/api.w.org\/{rel}","templated":true}]}}