{"id":514403,"date":"2025-11-05T21:25:12","date_gmt":"2025-11-05T21:25:12","guid":{"rendered":"https:\/\/www.europesays.com\/fr\/514403\/"},"modified":"2025-11-05T21:25:12","modified_gmt":"2025-11-05T21:25:12","slug":"saint-etienne-en-immersion-avec-les-imprimeurs-du-journal-il-realise-une-exposition-photos","status":"publish","type":"post","link":"https:\/\/www.europesays.com\/fr\/514403\/","title":{"rendered":"Saint-\u00c9tienne. En immersion avec les imprimeurs du journal, il r\u00e9alise une exposition photos"},"content":{"rendered":"<p>Jean-Pierre Rigaud est passionn\u00e9 de photographie. Depuis qu\u2019il est \u00e0 la retraite, il d\u00e9couvre les milieux professionnels avec l\u2019appareil photo sous le bras. Son exposition, \u00ab\u00a0Les imprimeurs de nuit\u00a0\u00bb, aura lieu \u00e0 Jeito Photo au 15 rue de la R\u00e9sistance, avec un vernissage le 6\u00a0novembre \u00e0 partir de 18 heures.<\/p>\n<p>La d\u00e9couverte des m\u00e9tiers \u00e0 travers l\u2019objectif<\/p>\n<p>Son exposition est le fruit d\u2019un an d\u2019observations aupr\u00e8s des imprimeurs du journal,&#8230;<\/p>\n","protected":false},"excerpt":{"rendered":"Jean-Pierre Rigaud est passionn\u00e9 de photographie. Depuis qu\u2019il est \u00e0 la retraite, il d\u00e9couvre les milieux professionnels avec&hellip;\n","protected":false},"author":2,"featured_media":514404,"comment_status":"","ping_status":"","sticky":false,"template":"","format":"standard","meta":{"footnotes":""},"categories":[9653],"tags":[1111,11,2430,1687,7539,1777,674,2271,1011,27,12,25,4001,7538],"class_list":{"0":"post-514403","1":"post","2":"type-post","3":"status-publish","4":"format-standard","5":"has-post-thumbnail","7":"category-saint-etienne","8":"tag-actu","9":"tag-actualites","10":"tag-auvergne-rhone-alpes","11":"tag-culture-loisirs","12":"tag-edition-loire-sud","13":"tag-eu","14":"tag-europe","15":"tag-exposition-arts-plastiques","16":"tag-fr","17":"tag-france","18":"tag-news","19":"tag-republique-francaise","20":"tag-saint-etienne","21":"tag-saint-etienne-ville"},"share_on_mastodon":{"url":"https:\/\/pubeurope.com\/@fr\/115499206301993479","error":""},"_links":{"self":[{"href":"https:\/\/www.europesays.com\/fr\/wp-json\/wp\/v2\/posts\/514403","targetHints":{"allow":["GET"]}}],"collection":[{"href":"https:\/\/www.europesays.com\/fr\/wp-json\/wp\/v2\/posts"}],"about":[{"href":"https:\/\/www.europesays.com\/fr\/wp-json\/wp\/v2\/types\/post"}],"author":[{"embeddable":true,"href":"https:\/\/www.europesays.com\/fr\/wp-json\/wp\/v2\/users\/2"}],"replies":[{"embeddable":true,"href":"https:\/\/www.europesays.com\/fr\/wp-json\/wp\/v2\/comments?post=514403"}],"version-history":[{"count":0,"href":"https:\/\/www.europesays.com\/fr\/wp-json\/wp\/v2\/posts\/514403\/revisions"}],"wp:featuredmedia":[{"embeddable":true,"href":"https:\/\/www.europesays.com\/fr\/wp-json\/wp\/v2\/media\/514404"}],"wp:attachment":[{"href":"https:\/\/www.europesays.com\/fr\/wp-json\/wp\/v2\/media?parent=514403"}],"wp:term":[{"taxonomy":"category","embeddable":true,"href":"https:\/\/www.europesays.com\/fr\/wp-json\/wp\/v2\/categories?post=514403"},{"taxonomy":"post_tag","embeddable":true,"href":"https:\/\/www.europesays.com\/fr\/wp-json\/wp\/v2\/tags?post=514403"}],"curies":[{"name":"wp","href":"https:\/\/api.w.org\/{rel}","templated":true}]}}