{"id":514419,"date":"2025-11-05T21:34:30","date_gmt":"2025-11-05T21:34:30","guid":{"rendered":"https:\/\/www.europesays.com\/fr\/514419\/"},"modified":"2025-11-05T21:34:30","modified_gmt":"2025-11-05T21:34:30","slug":"quatre-personnes-interpellees-pour-trafic-de-drogue-plus-de-100-000-euros-saisis-2","status":"publish","type":"post","link":"https:\/\/www.europesays.com\/fr\/514419\/","title":{"rendered":"Quatre personnes interpell\u00e9es pour trafic de drogue, plus de 100.000 euros saisis"},"content":{"rendered":"<p class=\"mb-4 text-lg md:leading-8 break-words\"><strong>stupefiants &#8211; Mardi, la police a interpell\u00e9 quatre personnes\u00a0suspect\u00e9es de trafic de drogue \u00e0 Rouen et son agglom\u00e9ration. Plus de 100.000 euros en liquide ont \u00e9t\u00e9 retrouv\u00e9s \u00e0 leurs domiciles<\/strong><\/p>\n<p class=\"mb-4 text-lg md:leading-8 break-words\">Quatre personnes ont \u00e9t\u00e9 interpell\u00e9es par la <a href=\"https:\/\/www.20minutes.fr\/dossier\/police?at_medium=RSS%20feed&amp;at_campaign=ynews&amp;utm_source=yahoo&amp;utm_medium=rss&amp;utm_campaign=news_feed&amp;utm_content=in_article_link\" rel=\"nofollow noopener\" target=\"_blank\" data-ylk=\"slk:police;elm:context_link;itc:0;sec:content-canvas\" class=\"link \">police<\/a> \u00e0 Rouen (<a href=\"https:\/\/www.20minutes.fr\/dossier\/seine_maritime-1?at_medium=RSS%20feed&amp;at_campaign=ynews&amp;utm_source=yahoo&amp;utm_medium=rss&amp;utm_campaign=news_feed&amp;utm_content=in_article_link\" rel=\"nofollow noopener\" target=\"_blank\" data-ylk=\"slk:Seine-Maritime;elm:context_link;itc:0;sec:content-canvas\" class=\"link \">Seine-Maritime<\/a>) et dans son agglom\u00e9ration mardi. D\u2019apr\u00e8s une information r\u00e9v\u00e9l\u00e9e par nos confr\u00e8res d\u2019<a href=\"https:\/\/www.francebleu.fr\/infos\/faits-divers-justice\/trafic-d-armes-et-de-drogue-a-rouen-plus-de-100-000-euros-saisis-quatre-suspects-interpelles-5949903?at_medium=RSS%20feed&amp;at_campaign=ynews&amp;utm_source=yahoo&amp;utm_medium=rss&amp;utm_campaign=news_feed&amp;utm_content=in_article_link\" rel=\"nofollow noopener\" target=\"_blank\" data-ylk=\"slk:ici Normandie;elm:context_link;itc:0;sec:content-canvas\" class=\"link \">ici Normandie<\/a>, ces individus sont suspect\u00e9s\u00a0d\u2019avoir particip\u00e9\u00a0\u00e0 un vaste <a href=\"https:\/\/www.20minutes.fr\/dossier\/trafic_de_drogue?at_medium=RSS%20feed&amp;at_campaign=ynews&amp;utm_source=yahoo&amp;utm_medium=rss&amp;utm_campaign=news_feed&amp;utm_content=in_article_link\" rel=\"nofollow noopener\" target=\"_blank\" data-ylk=\"slk:trafic de stup\u00e9fiants;elm:context_link;itc:0;sec:content-canvas\" class=\"link \">trafic de stup\u00e9fiants<\/a>.\u00a0Leur interpellation est survenue apr\u00e8s plusieurs mois d\u2019enqu\u00eate.<\/p>\n<p class=\"mb-4 text-lg md:leading-8 break-words\">Tout a commenc\u00e9 lors d\u2019une patrouille, lorsque des agents de police ont rep\u00e9r\u00e9 une voiture vol\u00e9e. Par la suite, les enqu\u00eateurs de la Division de la criminalit\u00e9 territoriale ont \u00e9tabli un lien entre ce\u00a0v\u00e9hicule et un important trafic de drogue. Leurs investigations ont permis d\u2019identifier et d\u2019arr\u00eater les quatre suspects mardi. Ils\u00a0ont \u00e9t\u00e9 plac\u00e9s en garde \u00e0 vue.<\/p>\n<p>Des armes et pr\u00e8s de 10 kilos de drogue<\/p>\n<p class=\"mb-4 text-lg md:leading-8 break-words\">Selon la radio locale, les mis en cause vivaient\u00a0tous dans des logements lou\u00e9s via Airbnb.\u00a0Mardi, les forces de l\u2019ordre ont men\u00e9 des perquisitions \u00e0 leurs domiciles et ont retrouv\u00e9\u00a0pr\u00e8s de\u00a010 kilos de drogue (coca\u00efne, ecstasy et cannabis), plus de 100.000 euros en liquide ainsi qu\u2019une dizaine d\u2019armes de poing et d\u2019\u00e9paule.<\/p>\n<p class=\"mb-4 text-lg md:leading-8 break-words\">En octobre, <a href=\"https:\/\/www.20minutes.fr\/societe\/4178680-20251011-trafic-stupefiants-huit-personnes-mises-examen-dont-avocate?at_medium=RSS%20feed&amp;at_campaign=ynews&amp;utm_source=yahoo&amp;utm_medium=rss&amp;utm_campaign=news_feed&amp;utm_content=in_article_link\" rel=\"nofollow noopener\" target=\"_blank\" data-ylk=\"slk:huit personnes, dont une avocate du barreau de\u00a0Rouen, avaient \u00e9t\u00e9 mises en examen et plac\u00e9es en d\u00e9tention provisoire dans le cadre d\u2019une enqu\u00eate sur un r\u00e9seau de\u00a0trafic de cannabis;elm:context_link;itc:0;sec:content-canvas\" class=\"link \">huit personnes, dont une avocate du barreau de\u00a0Rouen, avaient \u00e9t\u00e9 mises en examen et plac\u00e9es en d\u00e9tention provisoire dans le cadre d\u2019une enqu\u00eate sur un r\u00e9seau de\u00a0trafic de cannabis<\/a>. Ils\u00a0s\u2019approvisionnaient en Espagne et aux Pays-Bas avant d\u2019\u00e9couler leur marchandise dans la r\u00e9gion de Rouen. Leur proc\u00e8s doit prendre fin ce mercredi, indique <a href=\"https:\/\/www.ouest-france.fr\/faits-divers\/trafic\/trafic-de-drogue-dix-personnes-jugees-a-lille-apres-le-demantelement-dun-reseau-a-rouen-5027f77e-b8cb-11f0-9097-68e77b575996?at_medium=RSS%20feed&amp;at_campaign=ynews&amp;utm_source=yahoo&amp;utm_medium=rss&amp;utm_campaign=news_feed&amp;utm_content=in_article_link\" rel=\"nofollow noopener\" target=\"_blank\" data-ylk=\"slk:Ouest France;elm:context_link;itc:0;sec:content-canvas\" class=\"link \">Ouest France<\/a>.<\/p>\n<p class=\"mb-4 text-lg md:leading-8 break-words\"><a href=\"https:\/\/www.20minutes.fr\/faits_divers\/4183752-20251105-rouen-quatre-personnes-interpellees-trafic-drogue-plus-100-000-euros-saisis?at_medium=RSS%20feed&amp;at_campaign=ynews&amp;utm_source=yahoo&amp;utm_medium=rss&amp;utm_campaign=news_feed&amp;utm_content=read_more_link&quot;\" rel=\"nofollow noopener\" target=\"_blank\" data-ylk=\"slk:Lire la suite sur 20minutes;elm:context_link;itc:0;sec:content-canvas\" class=\"link \">Lire la suite sur 20minutes<\/a><\/p>\n<p>\u00c0 lire aussi :<br \/><a href=\"https:\/\/www.20minutes.fr\/faits_divers\/4179959-20251017-loire-atlantique-trafic-drogues-demantele-140-000-euros-saisis?at_medium=RSS%20feed&amp;at_campaign=ynews&amp;utm_source=yahoo&amp;utm_medium=rss&amp;utm_campaign=news_feed&amp;utm_content=related_content_link\" rel=\"nofollow noopener\" target=\"_blank\" data-ylk=\"slk:Loire-Atlantique\u00a0: Un trafic de drogues d\u00e9mantel\u00e9, 140.000 euros saisis;elm:context_link;itc:0;sec:content-canvas\" class=\"link \">Loire-Atlantique\u00a0: Un trafic de drogues d\u00e9mantel\u00e9, 140.000 euros saisis<\/a><br \/><a href=\"https:\/\/www.20minutes.fr\/faits_divers\/4176695-20251002-trafic-drogue-sept-personnes-arretees-plus-600-000-euros-saisis-paris-grenoble?at_medium=RSS%20feed&amp;at_campaign=ynews&amp;utm_source=yahoo&amp;utm_medium=rss&amp;utm_campaign=news_feed&amp;utm_content=related_content_link\" rel=\"nofollow noopener\" target=\"_blank\" data-ylk=\"slk:Trafic de drogue\u00a0: Sept personnes arr\u00eat\u00e9es et plus de 600.000 euros saisis \u00e0 Paris et \u00e0 Grenoble;elm:context_link;itc:0;sec:content-canvas\" class=\"link \">Trafic de drogue\u00a0: Sept personnes arr\u00eat\u00e9es et plus de 600.000 euros saisis \u00e0 Paris et \u00e0 Grenoble<\/a><\/p>\n","protected":false},"excerpt":{"rendered":"stupefiants &#8211; Mardi, la police a interpell\u00e9 quatre personnes\u00a0suspect\u00e9es de trafic de drogue \u00e0 Rouen et son agglom\u00e9ration.&hellip;\n","protected":false},"author":2,"featured_media":514420,"comment_status":"","ping_status":"","sticky":false,"template":"","format":"standard","meta":{"footnotes":""},"categories":[9587],"tags":[49855,1111,11,63493,1777,674,4658,1011,27,12,5161,25,9590,19044,887],"class_list":{"0":"post-514419","1":"post","2":"type-post","3":"status-publish","4":"format-standard","5":"has-post-thumbnail","7":"category-rouen","8":"tag-100-000","9":"tag-actu","10":"tag-actualites","11":"tag-agents-de-police","12":"tag-eu","13":"tag-europe","14":"tag-euros","15":"tag-fr","16":"tag-france","17":"tag-news","18":"tag-normandie","19":"tag-republique-francaise","20":"tag-rouen","21":"tag-trafic-de-cannabis","22":"tag-trafic-de-drogue"},"share_on_mastodon":{"url":"https:\/\/pubeurope.com\/@fr\/115499241579354681","error":""},"_links":{"self":[{"href":"https:\/\/www.europesays.com\/fr\/wp-json\/wp\/v2\/posts\/514419","targetHints":{"allow":["GET"]}}],"collection":[{"href":"https:\/\/www.europesays.com\/fr\/wp-json\/wp\/v2\/posts"}],"about":[{"href":"https:\/\/www.europesays.com\/fr\/wp-json\/wp\/v2\/types\/post"}],"author":[{"embeddable":true,"href":"https:\/\/www.europesays.com\/fr\/wp-json\/wp\/v2\/users\/2"}],"replies":[{"embeddable":true,"href":"https:\/\/www.europesays.com\/fr\/wp-json\/wp\/v2\/comments?post=514419"}],"version-history":[{"count":0,"href":"https:\/\/www.europesays.com\/fr\/wp-json\/wp\/v2\/posts\/514419\/revisions"}],"wp:featuredmedia":[{"embeddable":true,"href":"https:\/\/www.europesays.com\/fr\/wp-json\/wp\/v2\/media\/514420"}],"wp:attachment":[{"href":"https:\/\/www.europesays.com\/fr\/wp-json\/wp\/v2\/media?parent=514419"}],"wp:term":[{"taxonomy":"category","embeddable":true,"href":"https:\/\/www.europesays.com\/fr\/wp-json\/wp\/v2\/categories?post=514419"},{"taxonomy":"post_tag","embeddable":true,"href":"https:\/\/www.europesays.com\/fr\/wp-json\/wp\/v2\/tags?post=514419"}],"curies":[{"name":"wp","href":"https:\/\/api.w.org\/{rel}","templated":true}]}}